{"id":1733,"date":"2024-09-13T12:55:30","date_gmt":"2024-09-13T17:55:30","guid":{"rendered":"https:\/\/unaltrasena.com\/?p=1733"},"modified":"2025-07-29T11:36:40","modified_gmt":"2025-07-29T16:36:40","slug":"el-acoso-laboral-en-el-sena-un-desafio-a-superar","status":"publish","type":"post","link":"https:\/\/unaltrasena.com\/index.php\/2024\/09\/13\/el-acoso-laboral-en-el-sena-un-desafio-a-superar\/","title":{"rendered":"El acoso laboral en el SENA: un desaf\u00edo a superar."},"content":{"rendered":"\t\t<div data-elementor-type=\"wp-post\" data-elementor-id=\"1733\" class=\"elementor elementor-1733\">\n\t\t\t\t\t\t<section class=\"elementor-section elementor-top-section elementor-element elementor-element-4f159e88 elementor-section-boxed elementor-section-height-default elementor-section-height-default\" data-id=\"4f159e88\" data-element_type=\"section\">\n\t\t\t\t\t\t<div class=\"elementor-container elementor-column-gap-default\">\n\t\t\t\t\t<div class=\"elementor-column elementor-col-100 elementor-top-column elementor-element elementor-element-78968d19\" data-id=\"78968d19\" data-element_type=\"column\">\n\t\t\t<div class=\"elementor-widget-wrap elementor-element-populated\">\n\t\t\t\t\t\t<section class=\"elementor-section elementor-inner-section elementor-element elementor-element-ecfa5ef elementor-section-boxed elementor-section-height-default elementor-section-height-default\" data-id=\"ecfa5ef\" data-element_type=\"section\">\n\t\t\t\t\t\t<div class=\"elementor-container elementor-column-gap-default\">\n\t\t\t\t\t<div class=\"elementor-column elementor-col-50 elementor-inner-column elementor-element elementor-element-94fc50f\" data-id=\"94fc50f\" data-element_type=\"column\">\n\t\t\t<div class=\"elementor-widget-wrap\">\n\t\t\t\t\t\t\t<\/div>\n\t\t<\/div>\n\t\t\t\t<div class=\"elementor-column elementor-col-50 elementor-inner-column elementor-element elementor-element-c110a92\" data-id=\"c110a92\" data-element_type=\"column\">\n\t\t\t<div class=\"elementor-widget-wrap\">\n\t\t\t\t\t\t\t<\/div>\n\t\t<\/div>\n\t\t\t\t\t<\/div>\n\t\t<\/section>\n\t\t\t\t\t<\/div>\n\t\t<\/div>\n\t\t\t\t\t<\/div>\n\t\t<\/section>\n\t\t\t\t<section class=\"elementor-section elementor-top-section elementor-element elementor-element-f79dbd2 elementor-section-boxed elementor-section-height-default elementor-section-height-default\" data-id=\"f79dbd2\" data-element_type=\"section\">\n\t\t\t\t\t\t<div class=\"elementor-container elementor-column-gap-default\">\n\t\t\t\t\t<div class=\"elementor-column elementor-col-50 elementor-top-column elementor-element elementor-element-b837d1d\" data-id=\"b837d1d\" data-element_type=\"column\">\n\t\t\t<div class=\"elementor-widget-wrap elementor-element-populated\">\n\t\t\t\t\t\t<div class=\"elementor-element elementor-element-9633e2a elementor-widget elementor-widget-text-editor\" data-id=\"9633e2a\" data-element_type=\"widget\" data-widget_type=\"text-editor.default\">\n\t\t\t\t<div class=\"elementor-widget-container\">\n\t\t\t\t\t\t\t<p>La organizaci\u00f3n Sindical Unaltrasena, invita a la administraci\u00f3n de SENA a erradicar el acoso laboral.<\/p>\n<p class=\"has-text-align-left\">En el a\u00f1o 2006, Colombia dio un paso significativo en la protecci\u00f3n de sus trabajadores al promulgar la Ley 1010. Esta legislaci\u00f3n, pionera en su momento, buscaba erradicar el acoso laboral o mobbing, una problem\u00e1tica que mina la salud mental y la productividad de quienes lo sufren. El mobbing, caracterizado por conductas repetitivas y hostiles que generan un ambiente de miedo y hostilidad, se manifiesta de diversas formas, desde insultos y amenazas hasta el aislamiento social y la propagaci\u00f3n de rumores falsos.<\/p>\n<p class=\"has-text-align-left\">Lamentablemente, a pesar de la existencia de esta ley, los casos de acoso laboral persisten en diversos entornos laborales, incluido el Servicio Nacional de Aprendizaje (SENA). En los \u00faltimos meses, han surgido denuncias que presentan a funcionarios de la Direcci\u00f3n General del SENA como v\u00edctimas de presunto maltrato, acoso laboral y hostigamiento por parte de sus superiores y directivos. Esta situaci\u00f3n es preocupante y Unaltrasena exige una respuesta contundente por parte de los directivos del SENA.<\/p>\n<p class=\"has-text-align-left\"><strong>\u00bfPor qu\u00e9 persiste el acoso laboral en el SENA?<\/strong><\/p>\n<p class=\"has-text-align-left\">Diversos factores pueden contribuir a la persistencia del acoso laboral en esta instituci\u00f3n.<\/p>\n<p class=\"has-text-align-left\">Entre ellos se destacan:<\/p>\n<p class=\"has-text-align-left\">\u2713 Falta de cultura de prevenci\u00f3n: A pesar de los esfuerzos normativos, a\u00fan no se ha logrado arraigar una cultura organizacional que rechace y combata el acoso laboral.<\/p>\n<p class=\"has-text-align-left\">\u2713 D\u00e9biles mecanismos de denuncia: Los canales de denuncia existentes pueden ser desconocidos o percibidos como poco efectivos por los trabajadores, lo que disuade a las v\u00edctimas de denunciar.<\/p>\n<p class=\"has-text-align-left\">\u2713 Impunidad: En algunos casos, los responsables de actos de acoso laboral no reciben las sanciones correspondientes, lo que fomenta la repetici\u00f3n de estas conductas.<\/p>\n<p class=\"has-text-align-left\">Unaltrasena invita a la administraci\u00f3n a trabajar para lograr un SENA libre de maltrato y acoso laboral.<\/p>\n<p class=\"has-text-align-left\">Ante esta problem\u00e1tica, es imperativo que la administraci\u00f3n del SENA en cabeza del Director General y su equipo directivo adopte medidas urgentes y efectivas para prevenir y combatir esta situaci\u00f3n. Desde nuestra organizaci\u00f3n sindical, en aras de contribuir a erradicar esta pr\u00e1ctica, proponemos las siguientes acciones o alternativas a considerar:<\/p>\n<p class=\"has-text-align-left\">1. Fortalecimiento de los canales de denuncia: es fundamental garantizar que los trabajadores se sientan seguros al denunciar casos de acoso laboral y que sus denuncias sean atendidas de manera confidencial y oportuna.<\/p>\n<p class=\"has-text-align-left\">2. Implementaci\u00f3n de programas de capacitaci\u00f3n: la capacitaci\u00f3n de todos los funcionarios del SENA en temas relacionados con el acoso laboral es esencial para fomentar una cultura de respeto y tolerancia.<\/p>\n<p class=\"has-text-align-left\">\u00a0<\/p>\t\t\t\t\t\t<\/div>\n\t\t\t\t<\/div>\n\t\t\t\t\t<\/div>\n\t\t<\/div>\n\t\t\t\t<div class=\"elementor-column elementor-col-50 elementor-top-column elementor-element elementor-element-b60d884\" data-id=\"b60d884\" data-element_type=\"column\">\n\t\t\t<div class=\"elementor-widget-wrap elementor-element-populated\">\n\t\t\t\t\t\t<div class=\"elementor-element elementor-element-2b7bfaa elementor-widget elementor-widget-text-editor\" data-id=\"2b7bfaa\" data-element_type=\"widget\" data-widget_type=\"text-editor.default\">\n\t\t\t\t<div class=\"elementor-widget-container\">\n\t\t\t\t\t\t\t<p class=\"has-text-align-left\">3. Promoci\u00f3n de una cultura organizacional basada en el respeto: es necesario crear un ambiente laboral donde se valore la diversidad, se promueva el trabajo en equipo y se respete la dignidad de cada persona.<\/p>\n<p class=\"has-text-align-left\">4. Investigaci\u00f3n exhaustiva de las denuncias: toda denuncia de acoso laboral debe ser investigada de manera seria y objetiva, aplicando las sanciones correspondientes a los responsables.<\/p>\n<p class=\"has-text-align-left\">5. Implementaci\u00f3n y activaci\u00f3n de los comit\u00e9s de convivencia laboral, mediaci\u00f3n y conciliaci\u00f3n: los comit\u00e9s son \u00fatiles para prevenir y resolver conflictos de manera pac\u00edfica y constructiva. Estos tienen por objeto prevenir las conductas de acoso laboral y atenderlas en caso de presentarse, tambi\u00e9n promueven relaciones laborales propicias para la salud mental y el respeto a la dignidad de los empleados de todos los niveles jer\u00e1rquicos del SENA, mediante estrategias de promoci\u00f3n, prevenci\u00f3n e intervenci\u00f3n para la resoluci\u00f3n de conflictos, es de esta manera como puede desarrollar actividades de sensibilizaci\u00f3n, capacitaci\u00f3n y vigilancia peri\u00f3dica.<\/p>\n<p class=\"has-text-align-left\">Adicionalmente, es inminente que cuenten con asesor\u00eda y capacitaci\u00f3n jur\u00eddica y psicol\u00f3gica para abordar los casos que reciban.<\/p>\n<p class=\"has-text-align-left\">Desde Unaltrasena, promovemos la lucha contra el acoso laboral dado que es un desaf\u00edo que requiere el compromiso de todos los actores involucrados: trabajadores, empleadores y sindicatos. El SENA, como una de las instituciones m\u00e1s importantes del pa\u00eds en materia de formaci\u00f3n para el trabajo, tiene la responsabilidad de liderar este proceso y convertirse en un referente en la promoci\u00f3n de ambientes laborales saludables y respetuosos, finalmente, de esto se trata la integralidad de la formaci\u00f3n que promovemos.<\/p>\n<p class=\"has-text-align-left\">El acoso laboral es una problem\u00e1tica que tiene graves consecuencias para las v\u00edctimas, las organizaciones y la sociedad en su conjunto. Bajo este contexto, Unaltrasena solicita al se\u00f1or Director del SENA y a su equipo directivo que act\u00fae de manera decidida, evidente y coordinada para erradicar esta pr\u00e1ctica de nuestros entornos laborales. El SENA, como instituci\u00f3n p\u00fablica, tiene una oportunidad \u00fanica para demostrar su liderazgo en esta materia y convertirse en un ejemplo a seguir para otras entidades. Esperamos ver materializada esta solicitud a trav\u00e9s de acciones concretas que redunden en el buen clima organizacional de \u2018la entidad m\u00e1s querida por los colombianos y bajo este mensaje del sentir patriota que nos ha acompa\u00f1ado por a\u00f1os, actuar de forma coherente siendo escenario de armon\u00eda, tranquilidad y respeto por sus colaboradores.<\/p>\n<p class=\"has-text-align-left\">El SENA, es m\u00e1s grande que todos los intereses individuales y particulares.<\/p>\n<p class=\"has-text-align-left\"><strong>UNALTRASENA, Bogot\u00e1, 06 de septiembre del 2024.<\/strong><\/p>\t\t\t\t\t\t<\/div>\n\t\t\t\t<\/div>\n\t\t\t\t\t<\/div>\n\t\t<\/div>\n\t\t\t\t\t<\/div>\n\t\t<\/section>\n\t\t\t\t<\/div>\n\t\t","protected":false},"excerpt":{"rendered":"<p>La organizaci\u00f3n Sindical Unaltrasena, invita a la administraci\u00f3n de SENA a erradicar el acoso laboral. En el a\u00f1o 2006, Colombia dio un paso significativo en la protecci\u00f3n de sus trabajadores al promulgar la Ley 1010. Esta legislaci\u00f3n, pionera en su momento, buscaba erradicar el acoso laboral o mobbing, una problem\u00e1tica que mina la salud mental [&hellip;]<\/p>\n","protected":false},"author":1,"featured_media":1745,"comment_status":"closed","ping_status":"closed","sticky":false,"template":"","format":"standard","meta":{"om_disable_all_campaigns":false,"_monsterinsights_skip_tracking":false,"_monsterinsights_sitenote_active":false,"_monsterinsights_sitenote_note":"","_monsterinsights_sitenote_category":0,"footnotes":""},"categories":[13],"tags":[],"class_list":["post-1733","post","type-post","status-publish","format-standard","has-post-thumbnail","hentry","category-comunicaciones","entry","has-media"],"aioseo_notices":[],"_links":{"self":[{"href":"https:\/\/unaltrasena.com\/index.php\/wp-json\/wp\/v2\/posts\/1733","targetHints":{"allow":["GET"]}}],"collection":[{"href":"https:\/\/unaltrasena.com\/index.php\/wp-json\/wp\/v2\/posts"}],"about":[{"href":"https:\/\/unaltrasena.com\/index.php\/wp-json\/wp\/v2\/types\/post"}],"author":[{"embeddable":true,"href":"https:\/\/unaltrasena.com\/index.php\/wp-json\/wp\/v2\/users\/1"}],"replies":[{"embeddable":true,"href":"https:\/\/unaltrasena.com\/index.php\/wp-json\/wp\/v2\/comments?post=1733"}],"version-history":[{"count":7,"href":"https:\/\/unaltrasena.com\/index.php\/wp-json\/wp\/v2\/posts\/1733\/revisions"}],"predecessor-version":[{"id":1744,"href":"https:\/\/unaltrasena.com\/index.php\/wp-json\/wp\/v2\/posts\/1733\/revisions\/1744"}],"wp:featuredmedia":[{"embeddable":true,"href":"https:\/\/unaltrasena.com\/index.php\/wp-json\/wp\/v2\/media\/1745"}],"wp:attachment":[{"href":"https:\/\/unaltrasena.com\/index.php\/wp-json\/wp\/v2\/media?parent=1733"}],"wp:term":[{"taxonomy":"category","embeddable":true,"href":"https:\/\/unaltrasena.com\/index.php\/wp-json\/wp\/v2\/categories?post=1733"},{"taxonomy":"post_tag","embeddable":true,"href":"https:\/\/unaltrasena.com\/index.php\/wp-json\/wp\/v2\/tags?post=1733"}],"curies":[{"name":"wp","href":"https:\/\/api.w.org\/{rel}","templated":true}]}}