{"id":1769,"date":"2025-03-07T09:05:55","date_gmt":"2025-03-07T14:05:55","guid":{"rendered":"https:\/\/unaltrasena.com\/?p=1769"},"modified":"2025-07-29T11:36:33","modified_gmt":"2025-07-29T16:36:33","slug":"por-la-cual-se-adopta-el-acuerdo-colectivo-2024-2026-suscrito-por-el-servicio-nacional-de-aprendizaje-sena-y-los-representantes-de-las-organizaciones-sindicales-de-empleados-publicos-de-la-en","status":"publish","type":"post","link":"https:\/\/unaltrasena.com\/index.php\/2025\/03\/07\/por-la-cual-se-adopta-el-acuerdo-colectivo-2024-2026-suscrito-por-el-servicio-nacional-de-aprendizaje-sena-y-los-representantes-de-las-organizaciones-sindicales-de-empleados-publicos-de-la-en\/","title":{"rendered":"Resoluci\u00f3n de Adopci\u00f3n del Acuerdo Colectivo 2024-2026 entre el SENA y las Organizaciones Sindicales"},"content":{"rendered":"\t\t<div data-elementor-type=\"wp-post\" data-elementor-id=\"1769\" class=\"elementor elementor-1769\">\n\t\t\t\t\t\t<section class=\"elementor-section elementor-top-section elementor-element elementor-element-7071ea68 elementor-section-boxed elementor-section-height-default elementor-section-height-default\" data-id=\"7071ea68\" data-element_type=\"section\">\n\t\t\t\t\t\t<div class=\"elementor-container elementor-column-gap-default\">\n\t\t\t\t\t<div class=\"elementor-column elementor-col-100 elementor-top-column elementor-element elementor-element-7881b0af\" data-id=\"7881b0af\" data-element_type=\"column\">\n\t\t\t<div class=\"elementor-widget-wrap elementor-element-populated\">\n\t\t\t\t\t\t<div class=\"elementor-element elementor-element-3b434805 elementor-widget elementor-widget-text-editor\" data-id=\"3b434805\" data-element_type=\"widget\" data-widget_type=\"text-editor.default\">\n\t\t\t\t<div class=\"elementor-widget-container\">\n\t\t\t\t\t\t\t<p><!-- wp:paragraph --><\/p>\n<p><strong>Resoluci\u00f3n de Adopci\u00f3n del Acuerdo Colectivo 2024-2026 entre el SENA y las Organizaciones Sindicales<\/strong><\/p>\n<p><!-- \/wp:paragraph --><!-- wp:paragraph --><\/p>\n<p>El Servicio Nacional de Aprendizaje (SENA) ha adoptado el Acuerdo Colectivo 2024-2026, resultado de negociaciones con diversas organizaciones sindicales de empleados p\u00fablicos. Este acuerdo, oficializado mediante la Resoluci\u00f3n No. 1-03457 de 2024, garantiza la continuidad de derechos laborales y establece compromisos en \u00e1reas clave como planta de personal, seguridad sindical, bienestar de los servidores, capacitaci\u00f3n, vivienda, salud y seguridad en el trabajo, servicio m\u00e9dico, dotaci\u00f3n y garant\u00edas sindicales.<\/p>\n<p><!-- \/wp:paragraph --><!-- wp:paragraph --><\/p>\n<p><strong>Puntos Clave del Acuerdo<\/strong><\/p>\n<p><!-- \/wp:paragraph --><!-- wp:list --><\/p>\n<ul class=\"wp-block-list\">\n<li style=\"list-style-type: none;\">\n<ul class=\"wp-block-list\"><!-- wp:list-item --><\/ul>\n<\/li>\n<\/ul>\n<ul class=\"wp-block-list\">\n<li style=\"list-style-type: none;\">\n<ul class=\"wp-block-list\">\n<li><strong>Continuidad de Derechos<\/strong>: Se aseguran los derechos adquiridos en acuerdos anteriores (2015-2023) y se establece el principio de interpretaci\u00f3n m\u00e1s favorable al empleado p\u00fablico.<\/li>\n<\/ul>\n<\/li>\n<\/ul>\n<p><!-- \/wp:list-item --><!-- wp:list-item --><\/p>\n<ul class=\"wp-block-list\">\n<li style=\"list-style-type: none;\">\n<ul class=\"wp-block-list\">\n<li><strong>Planta de Personal<\/strong>: Se realizar\u00e1 un estudio t\u00e9cnico para la formalizaci\u00f3n de 3.000 cargos en la planta permanente, con un cronograma de activaci\u00f3n entre 2026 y 2028.<\/li>\n<\/ul>\n<\/li>\n<\/ul>\n<p><!-- \/wp:list-item --><!-- wp:list-item --><\/p>\n<ul class=\"wp-block-list\">\n<li style=\"list-style-type: none;\">\n<ul class=\"wp-block-list\">\n<li><strong>Bienestar y Capacitaci\u00f3n<\/strong>: Se incluyen mejoras en la programaci\u00f3n de vacaciones, actividades de bienestar, incremento en auxilios educativos y programas de capacitaci\u00f3n, con un enfoque en habilidades comunicativas y derechos humanos.<\/li>\n<\/ul>\n<\/li>\n<\/ul>\n<p><!-- \/wp:list-item --><!-- wp:list-item --><\/p>\n<ul class=\"wp-block-list\">\n<li style=\"list-style-type: none;\">\n<ul class=\"wp-block-list\">\n<li><strong>Vivienda y Salud<\/strong>: Se incrementar\u00e1n los recursos para pr\u00e9stamos de vivienda y se revisar\u00e1n las tasas de inter\u00e9s. Adem\u00e1s, se priorizar\u00e1 la salud y seguridad en el trabajo, con mejoras en saneamiento b\u00e1sico y atenci\u00f3n de emergencias.<\/li>\n<\/ul>\n<\/li>\n<\/ul>\n<p><!-- \/wp:list-item --><!-- wp:list-item --><\/p>\n<ul class=\"wp-block-list\">\n<li style=\"list-style-type: none;\">\n<ul class=\"wp-block-list\">\n<li><strong>Garant\u00edas Sindicales<\/strong>: Se establecen permisos sindicales, espacios f\u00edsicos y recursos para la capacitaci\u00f3n de dirigentes sindicales, asegurando la autonom\u00eda y el funcionamiento de las organizaciones.<\/li>\n<\/ul>\n<\/li>\n<\/ul>\n<p><!-- \/wp:list-item --><\/p>\n<p><!-- \/wp:list --><!-- wp:paragraph --><\/p>\n<p>El acuerdo tambi\u00e9n aborda la importancia del di\u00e1logo social, el respeto a la dignidad humana y la necesidad de cumplir con los compromisos establecidos en negociaciones anteriores, con el fin de mejorar las condiciones laborales y el bienestar de los empleados p\u00fablicos del SENA.<\/p>\n<p><!-- \/wp:paragraph --><!-- wp:paragraph --><\/p>\n<p>Para descargar el archivo puede dar clic <a href=\"https:\/\/drive.google.com\/file\/d\/1eqwwj9gxMHpbvpUIHQZyMv_kHciSXLNq\/view?usp=sharing\">AQUI<\/a><\/p>\n<p><!-- \/wp:paragraph --><!-- wp:paragraph --><\/p>\n<p><!-- \/wp:paragraph --><\/p>\t\t\t\t\t\t<\/div>\n\t\t\t\t<\/div>\n\t\t\t\t\t<\/div>\n\t\t<\/div>\n\t\t\t\t\t<\/div>\n\t\t<\/section>\n\t\t\t\t<\/div>\n\t\t","protected":false},"excerpt":{"rendered":"<p>Resoluci\u00f3n de Adopci\u00f3n del Acuerdo Colectivo 2024-2026 entre el SENA y las Organizaciones Sindicales El Servicio Nacional de Aprendizaje (SENA) ha adoptado el Acuerdo Colectivo 2024-2026, resultado de negociaciones con diversas organizaciones sindicales de empleados p\u00fablicos. Este acuerdo, oficializado mediante la Resoluci\u00f3n No. 1-03457 de 2024, garantiza la continuidad de derechos laborales y establece compromisos [&hellip;]<\/p>\n","protected":false},"author":1,"featured_media":1771,"comment_status":"closed","ping_status":"closed","sticky":false,"template":"","format":"standard","meta":{"om_disable_all_campaigns":false,"_monsterinsights_skip_tracking":false,"_monsterinsights_sitenote_active":false,"_monsterinsights_sitenote_note":"","_monsterinsights_sitenote_category":0,"footnotes":""},"categories":[1],"tags":[],"class_list":["post-1769","post","type-post","status-publish","format-standard","has-post-thumbnail","hentry","category-otros","entry","has-media"],"aioseo_notices":[],"_links":{"self":[{"href":"https:\/\/unaltrasena.com\/index.php\/wp-json\/wp\/v2\/posts\/1769","targetHints":{"allow":["GET"]}}],"collection":[{"href":"https:\/\/unaltrasena.com\/index.php\/wp-json\/wp\/v2\/posts"}],"about":[{"href":"https:\/\/unaltrasena.com\/index.php\/wp-json\/wp\/v2\/types\/post"}],"author":[{"embeddable":true,"href":"https:\/\/unaltrasena.com\/index.php\/wp-json\/wp\/v2\/users\/1"}],"replies":[{"embeddable":true,"href":"https:\/\/unaltrasena.com\/index.php\/wp-json\/wp\/v2\/comments?post=1769"}],"version-history":[{"count":8,"href":"https:\/\/unaltrasena.com\/index.php\/wp-json\/wp\/v2\/posts\/1769\/revisions"}],"predecessor-version":[{"id":1779,"href":"https:\/\/unaltrasena.com\/index.php\/wp-json\/wp\/v2\/posts\/1769\/revisions\/1779"}],"wp:featuredmedia":[{"embeddable":true,"href":"https:\/\/unaltrasena.com\/index.php\/wp-json\/wp\/v2\/media\/1771"}],"wp:attachment":[{"href":"https:\/\/unaltrasena.com\/index.php\/wp-json\/wp\/v2\/media?parent=1769"}],"wp:term":[{"taxonomy":"category","embeddable":true,"href":"https:\/\/unaltrasena.com\/index.php\/wp-json\/wp\/v2\/categories?post=1769"},{"taxonomy":"post_tag","embeddable":true,"href":"https:\/\/unaltrasena.com\/index.php\/wp-json\/wp\/v2\/tags?post=1769"}],"curies":[{"name":"wp","href":"https:\/\/api.w.org\/{rel}","templated":true}]}}