{"id":1791,"date":"2025-03-17T12:46:24","date_gmt":"2025-03-17T17:46:24","guid":{"rendered":"https:\/\/unaltrasena.com\/?p=1791"},"modified":"2025-05-16T18:35:14","modified_gmt":"2025-05-16T23:35:14","slug":"del-contrato-leonino-el-contrato-de-aprendizaje-una-fabula-moderna-de-leones-y-corderos","status":"publish","type":"post","link":"https:\/\/unaltrasena.com\/index.php\/2025\/03\/17\/del-contrato-leonino-el-contrato-de-aprendizaje-una-fabula-moderna-de-leones-y-corderos\/","title":{"rendered":"El lado oscuro del contrato de aprendizaje Sena, amparado por la Ley 789 de 2002."},"content":{"rendered":"\t\t<div data-elementor-type=\"wp-post\" data-elementor-id=\"1791\" class=\"elementor elementor-1791\">\n\t\t\t\t\t\t<section class=\"elementor-section elementor-top-section elementor-element elementor-element-b08f3f1 elementor-section-boxed elementor-section-height-default elementor-section-height-default\" data-id=\"b08f3f1\" data-element_type=\"section\">\n\t\t\t\t\t\t<div class=\"elementor-container elementor-column-gap-default\">\n\t\t\t\t\t<div class=\"elementor-column elementor-col-100 elementor-top-column elementor-element elementor-element-49ebdce\" data-id=\"49ebdce\" data-element_type=\"column\">\n\t\t\t<div class=\"elementor-widget-wrap elementor-element-populated\">\n\t\t\t\t\t\t<section class=\"elementor-section elementor-inner-section elementor-element elementor-element-e823d45 elementor-section-boxed elementor-section-height-default elementor-section-height-default\" data-id=\"e823d45\" data-element_type=\"section\">\n\t\t\t\t\t\t<div class=\"elementor-container elementor-column-gap-default\">\n\t\t\t\t\t<div class=\"elementor-column elementor-col-50 elementor-inner-column elementor-element elementor-element-88b539d\" data-id=\"88b539d\" data-element_type=\"column\">\n\t\t\t<div class=\"elementor-widget-wrap elementor-element-populated\">\n\t\t\t\t\t\t<div class=\"elementor-element elementor-element-5dfaf80 elementor-widget elementor-widget-text-editor\" data-id=\"5dfaf80\" data-element_type=\"widget\" data-widget_type=\"text-editor.default\">\n\t\t\t\t<div class=\"elementor-widget-container\">\n\t\t\t\t\t\t\t<p><strong>1. El Contrato de Aprendizaje: Una Trampa Legal que Perpet\u00faa la Desigualdad.<\/strong><\/p><p>El contrato de aprendizaje, concebido te\u00f3ricamente como un puente entre la educaci\u00f3n y el mundo laboral, se ha convertido en la pr\u00e1ctica en una herramienta que perpet\u00faa la desigualdad y la explotaci\u00f3n.<\/p><p>Lejos de ser un acuerdo equitativo entre dos partes, este contrato establece una relaci\u00f3n de poder desbalanceada, donde el aprendiz se encuentra en una posici\u00f3n de vulnerabilidad frente al empleador.<\/p><p>La discusi\u00f3n se centra en si el contrato de aprendizaje se ajusta a los principios generales del derecho contractual, especialmente en lo que respecta a la igualdad de las partes y la naturaleza de la contraprestaci\u00f3n.<\/p><p>El aprendiz siempre va a estar en desventaja ante el empleador, el contrato de aprendizaje, tal como se aplica actualmente, a menudo perpet\u00faa la desigualdad y la explotaci\u00f3n laboral de los aprendices.<\/p><p>En muchos casos, los aprendices son sometidos a condiciones laborales precarias, con un mal llamado *apoyo de sostenimiento por debajo del salario m\u00ednimo legal vigente y sin garant\u00edas de estabilidad o beneficios y prestaciones sociales. Se les exige cumplir con extensas jornadas laborales, a menudo sin recibir una contraprestaci\u00f3n adecuada y el reconocimiento de los factores salariales; escasamente se le afilia a una eps y a una arl.<\/p><p>Adem\u00e1s, la falta de claridad en las funciones y responsabilidades del aprendiz puede llevar a abusos y arbitrariedades por parte del empleador.<\/p><p>La figura del contrato de aprendizaje se ha desvirtuado, convirti\u00e9ndose en una forma de mano de obra cualificada y muy barata.<\/p><p>Las empresas se benefician de la contrataci\u00f3n de aprendices para evadir y cubrir puestos de trabajo que deber\u00edan ser ocupados por empleados regulares, ahorrando costos y evadiendo las obligaciones laborales.<\/p><p>Por lo anterior, es urgente una revisi\u00f3n profunda de la legislaci\u00f3n que regula el contrato de aprendizaje.<\/p><p>Se deben establecer mecanismos de control y supervisi\u00f3n m\u00e1s estrictos para garantizar que se cumplan los derechos de los aprendices y se eviten abusos. Es necesario promover una cultura de respeto y valoraci\u00f3n del trabajo de los j\u00f3venes colombianos, reconociendo su derecho a un trabajo decente en condiciones dignas y justas.<\/p><p>El contrato de aprendizaje debe ser un instrumento para el desarrollo profesional y personal de los j\u00f3venes, no una trampa que perpet\u00fae la desigualdad y la explotaci\u00f3n laboral de los aprendices.<\/p><p style=\"color: #000000; font-family: Times; font-size: medium; font-style: normal; font-variant-ligatures: normal; font-variant-caps: normal; font-weight: 400;\"><strong>2. La Sombra del Contrato de Aprendizaje: Una revisi\u00f3n a la Ley 789 de 2002 en Colombia.<\/strong><\/p><p style=\"color: #000000; font-family: Times; font-size: medium; font-style: normal; font-variant-ligatures: normal; font-variant-caps: normal; font-weight: 400;\">El contrato de aprendizaje del Servicio Nacional de Aprendizaje (SENA) en Colombia, concebido inicialmente como un puente entre la formaci\u00f3n te\u00f3rica y la pr\u00e1ctica laboral, se ha erigido hist\u00f3ricamente como una herramienta fundamental para la inserci\u00f3n de j\u00f3venes al mundo del trabajo. Sin embargo, a la luz de la legislaci\u00f3n laboral vigente, particularmente la Ley 789 de 2002, su implementaci\u00f3n actual suscita profundas preocupaciones y amerita una revisi\u00f3n exhaustiva y cr\u00edtica. Lejos de ser un mero mecanismo de capacitaci\u00f3n, la figura del contrato de aprendizaje, bajo el amparo de esta ley, podr\u00eda estar desliz\u00e1ndose hacia una forma solapada de precarizaci\u00f3n laboral, especialmente para aquellos j\u00f3venes que a\u00fan no alcanzan la mayor\u00eda de edad.<\/p><p><strong>3. El Contrato de Aprendizaje Bajo la Lupa de la Ley 789 de 2002: \u00bfFomento o Explotaci\u00f3n?<\/strong><\/p><p>La Ley 789, si bien buscaba regular y promover el contrato de aprendizaje, ha generado un marco legal que, en la pr\u00e1ctica, puede traducirse en condiciones laborales desfavorables para los aprendices. La remuneraci\u00f3n, a menudo inferior al salario m\u00ednimo legal vigente, y la limitada protecci\u00f3n en t\u00e9rminos de derechos laborales fundamentales, como vacaciones remuneradas o cesant\u00edas,horas extras, recargos nocturnos, dominicales o festivos, colocan a los j\u00f3venes aprendices en una posici\u00f3n de vulnerabilidad econ\u00f3mica y jur\u00eddica. Esta situaci\u00f3n se agudiza cuando se trata de menores de edad, cuya protecci\u00f3n deber\u00eda ser a\u00fan m\u00e1s rigurosa en el \u00e1mbito laboral.<\/p><p style=\"color: #000000; font-family: Times; font-size: medium; font-style: normal; font-variant-ligatures: normal; font-variant-caps: normal; font-weight: 400;\">\u00a0<\/p><p style=\"color: #000000; font-family: Times; font-size: medium; font-style: normal; font-variant-ligatures: normal; font-variant-caps: normal; font-weight: 400;\">\u00a0<\/p>\t\t\t\t\t\t<\/div>\n\t\t\t\t<\/div>\n\t\t\t\t\t<\/div>\n\t\t<\/div>\n\t\t\t\t<div class=\"elementor-column elementor-col-50 elementor-inner-column elementor-element elementor-element-7fbe66c\" data-id=\"7fbe66c\" data-element_type=\"column\">\n\t\t\t<div class=\"elementor-widget-wrap elementor-element-populated\">\n\t\t\t\t\t\t<div class=\"elementor-element elementor-element-ed66222 elementor-widget elementor-widget-text-editor\" data-id=\"ed66222\" data-element_type=\"widget\" data-widget_type=\"text-editor.default\">\n\t\t\t\t<div class=\"elementor-widget-container\">\n\t\t\t\t\t\t\t<p><strong>4. La Analog\u00eda Sombria: Entre el Aprendizaje y la Explotaci\u00f3n<\/strong><\/p><p>Llevando la analog\u00eda a un terreno a\u00fan m\u00e1s sombr\u00edo, y guardando las proporciones necesarias, el contrato de aprendizaje, tal como se aplica en ciertos contextos, evoca ecos de la trata laboral de personas. Si bien no se trata del mismo delito abyecto, comparte la caracter\u00edstica de la explotaci\u00f3n de una persona vulnerable en beneficio de otra, priv\u00e1ndola de una remuneraci\u00f3n justa y de condiciones laborales dignas.<\/p><p>La trata laboral de personas es un crimen global que arrebata la dignidad a millones de individuos, someti\u00e9ndolos a diversas formas de explotaci\u00f3n, incluyendo el trabajo en condiciones precarias sin un salario decente algo m\u00e1s parecido a la servidumbre. Si bien el contrato de aprendizaje no alcanza la gravedad de este delito, la falta de una retribuci\u00f3n justa y de plenos derechos laborales para el aprendiz genera una situaci\u00f3n de vulnerabilidad que no puede ser ignorada ni normalizada. La diferencia radica en la legalidad formal del contrato, pero la delgada l\u00ednea entre una oportunidad de aprendizaje genuina y una forma encubierta de explotaci\u00f3n, se difumina peligrosamente cuando las condiciones laborales son precarias y los derechos fundamentales se ven menoscabados.<\/p><p>Un Llamado a la Reflexi\u00f3n y a la Acci\u00f3n.<\/p><p>Es imperativo que la sociedad colombiana en su conjunto reflexione profundamente sobre la naturaleza y la aplicaci\u00f3n del contrato de aprendizaje. No podemos permitir que una figura concebida para fomentar el desarrollo profesional de nuestros j\u00f3venes se convierta por la ley 789 en un instrumento de precarizaci\u00f3n laboral y desigualdad. La justificaci\u00f3n de una menor remuneraci\u00f3n basada en la supuesta &#8220;formaci\u00f3n&#8221; que reciben los aprendices no puede ser una excusa para vulnerar sus derechos laborales y exponerlos a condiciones que distan de ser dignas y justas.<\/p><p>La legislaci\u00f3n laboral colombiana, en su esp\u00edritu y en sus principios fundamentales, debe garantizar la protecci\u00f3n de todos los trabajadores, independientemente de su edad o de la modalidad contractual. La Ley 789, en lo referente al contrato de aprendizaje, requiere una revisi\u00f3n urgente y profunda para asegurar que cumpla su objetivo de formaci\u00f3n sin sacrificar los derechos laborales m\u00ednimos de los aprendices. Esta revisi\u00f3n deber\u00eda considerar la equiparaci\u00f3n gradual de los derechos de los aprendices con los de otros trabajadores, especialmente en lo referente a la remuneraci\u00f3n y las prestaciones sociales.<\/p><p><strong>5. La Urgencia de la Denuncia Internacional y la Oportunidad de la Consulta Popular<\/strong><\/p><p>Ante la persistencia de un marco legal que podr\u00eda favorecer la explotaci\u00f3n laboral de j\u00f3venes aprendices ley 789, resulta pertinente considerar la denuncia de esta situaci\u00f3n ante organismos internacionales como la OIT,las Naciones Unidas y la Comisi\u00f3n Interamericana de Derechos Humanos (CIDH). Estas instancias tienen la capacidad de examinar la legislaci\u00f3n y las pr\u00e1cticas laborales de los Estados miembros y emitir recomendaciones para garantizar el cumplimiento de los est\u00e1ndares internacionales en materia de derechos humanos y laborales.<\/p><p>Ahora bien, la consulta popular del gobierno, representa una gran oportunidad para el pueblo trabajador Colombiano para iniciar un di\u00e1logo constructivo y exigir las transformaciones necesarias para garantizar que el futuro laboral de los aprendices del SENA y los trabajadores Colombianos se construya sobre la base de la justicia, la equidad y el trabajo decente en condiciones dignas y justas. Es fundamental que este espacio de participaci\u00f3n ciudadana se convierta en un escenario para debatir a fondo la problem\u00e1tica del<\/p><p>contrato de aprendizaje y la necesidad de una legislaci\u00f3n laboral que proteja efectivamente los derechos de todos los trabajadores del comun y de los j\u00f3venes que buscan iniciar su camino profesional.<\/p><p>En conclusi\u00f3n, el contrato de aprendizaje del SENA, bajo el marco de la Ley 789, presenta una dualidad preocupante. Si bien su intenci\u00f3n original es noble, su aplicaci\u00f3n pr\u00e1ctica puede derivar en una forma de precarizaci\u00f3n laboral que exige una atenci\u00f3n urgente y una revisi\u00f3n exhaustiva. La sociedad colombiana tiene la responsabilidad de asegurar que esta figura legal cumpla su prop\u00f3sito formativo sin menoscabar los derechos fundamentales de los j\u00f3venes, construyendo as\u00ed un futuro laboral m\u00e1s justo y equitativo para todos. El apoyo masivo a la consulta popular, la reflexi\u00f3n profunda, la acci\u00f3n decidida y el di\u00e1logo abierto son los pilares sobre los que se debe edificar esta transformaci\u00f3n.<\/p><p><strong>Atentamente,<\/strong><\/p><p><strong>JUNTA NACIONAL UNALTRASENA,<\/strong><\/p><p><strong>Bogot\u00e1, 09 de mayo del 2025.<\/strong><\/p>\t\t\t\t\t\t<\/div>\n\t\t\t\t<\/div>\n\t\t\t\t\t<\/div>\n\t\t<\/div>\n\t\t\t\t\t<\/div>\n\t\t<\/section>\n\t\t\t\t\t<\/div>\n\t\t<\/div>\n\t\t\t\t\t<\/div>\n\t\t<\/section>\n\t\t\t\t<\/div>\n\t\t","protected":false},"excerpt":{"rendered":"<p>1. El Contrato de Aprendizaje: Una Trampa Legal que Perpet\u00faa la Desigualdad. El contrato de aprendizaje, concebido te\u00f3ricamente como un puente entre la educaci\u00f3n y el mundo laboral, se ha convertido en la pr\u00e1ctica en una herramienta que perpet\u00faa la desigualdad y la explotaci\u00f3n. Lejos de ser un acuerdo equitativo entre dos partes, este contrato [&hellip;]<\/p>\n","protected":false},"author":1,"featured_media":1804,"comment_status":"closed","ping_status":"closed","sticky":false,"template":"","format":"standard","meta":{"om_disable_all_campaigns":false,"_monsterinsights_skip_tracking":false,"_monsterinsights_sitenote_active":false,"_monsterinsights_sitenote_note":"","_monsterinsights_sitenote_category":0,"footnotes":""},"categories":[1],"tags":[],"class_list":["post-1791","post","type-post","status-publish","format-standard","has-post-thumbnail","hentry","category-otros","entry","has-media"],"aioseo_notices":[],"_links":{"self":[{"href":"https:\/\/unaltrasena.com\/index.php\/wp-json\/wp\/v2\/posts\/1791","targetHints":{"allow":["GET"]}}],"collection":[{"href":"https:\/\/unaltrasena.com\/index.php\/wp-json\/wp\/v2\/posts"}],"about":[{"href":"https:\/\/unaltrasena.com\/index.php\/wp-json\/wp\/v2\/types\/post"}],"author":[{"embeddable":true,"href":"https:\/\/unaltrasena.com\/index.php\/wp-json\/wp\/v2\/users\/1"}],"replies":[{"embeddable":true,"href":"https:\/\/unaltrasena.com\/index.php\/wp-json\/wp\/v2\/comments?post=1791"}],"version-history":[{"count":8,"href":"https:\/\/unaltrasena.com\/index.php\/wp-json\/wp\/v2\/posts\/1791\/revisions"}],"predecessor-version":[{"id":1803,"href":"https:\/\/unaltrasena.com\/index.php\/wp-json\/wp\/v2\/posts\/1791\/revisions\/1803"}],"wp:featuredmedia":[{"embeddable":true,"href":"https:\/\/unaltrasena.com\/index.php\/wp-json\/wp\/v2\/media\/1804"}],"wp:attachment":[{"href":"https:\/\/unaltrasena.com\/index.php\/wp-json\/wp\/v2\/media?parent=1791"}],"wp:term":[{"taxonomy":"category","embeddable":true,"href":"https:\/\/unaltrasena.com\/index.php\/wp-json\/wp\/v2\/categories?post=1791"},{"taxonomy":"post_tag","embeddable":true,"href":"https:\/\/unaltrasena.com\/index.php\/wp-json\/wp\/v2\/tags?post=1791"}],"curies":[{"name":"wp","href":"https:\/\/api.w.org\/{rel}","templated":true}]}}