{"id":1808,"date":"2025-07-17T11:16:24","date_gmt":"2025-07-17T16:16:24","guid":{"rendered":"https:\/\/unaltrasena.com\/?p=1808"},"modified":"2025-07-29T11:36:06","modified_gmt":"2025-07-29T16:36:06","slug":"elementor-1808","status":"publish","type":"post","link":"https:\/\/unaltrasena.com\/index.php\/2025\/07\/17\/elementor-1808\/","title":{"rendered":"El SENA como pilar de la reindustrializaci\u00f3n colombiana: Desaf\u00edos y oportunidades"},"content":{"rendered":"\t\t<div data-elementor-type=\"wp-post\" data-elementor-id=\"1808\" class=\"elementor elementor-1808\">\n\t\t\t\t\t\t<section class=\"elementor-section elementor-top-section elementor-element elementor-element-657a321 elementor-section-boxed elementor-section-height-default elementor-section-height-default\" data-id=\"657a321\" data-element_type=\"section\">\n\t\t\t\t\t\t<div class=\"elementor-container elementor-column-gap-default\">\n\t\t\t\t\t<div class=\"elementor-column elementor-col-100 elementor-top-column elementor-element elementor-element-b86b142\" data-id=\"b86b142\" data-element_type=\"column\">\n\t\t\t<div class=\"elementor-widget-wrap elementor-element-populated\">\n\t\t\t\t\t\t<div class=\"elementor-element elementor-element-abdaa56 elementor-widget elementor-widget-heading\" data-id=\"abdaa56\" data-element_type=\"widget\" data-widget_type=\"heading.default\">\n\t\t\t\t<div class=\"elementor-widget-container\">\n\t\t\t<h2 class=\"elementor-heading-title elementor-size-default\">El SENA como pilar de la reindustrializaci\u00f3n colombiana\ud83c\udde8\ud83c\uddf4: Desaf\u00edos y oportunidades <\/h2>\t\t<\/div>\n\t\t\t\t<\/div>\n\t\t\t\t<section class=\"elementor-section elementor-inner-section elementor-element elementor-element-cf5fad8 elementor-section-boxed elementor-section-height-default elementor-section-height-default\" data-id=\"cf5fad8\" data-element_type=\"section\">\n\t\t\t\t\t\t<div class=\"elementor-container elementor-column-gap-default\">\n\t\t\t\t\t<div class=\"elementor-column elementor-col-50 elementor-inner-column elementor-element elementor-element-2a30589\" data-id=\"2a30589\" data-element_type=\"column\">\n\t\t\t<div class=\"elementor-widget-wrap elementor-element-populated\">\n\t\t\t\t\t\t<div class=\"elementor-element elementor-element-23ed07e elementor-widget__width-initial elementor-widget-tablet__width-initial elementor-widget elementor-widget-text-editor\" data-id=\"23ed07e\" data-element_type=\"widget\" data-widget_type=\"text-editor.default\">\n\t\t\t\t<div class=\"elementor-widget-container\">\n\t\t\t\t\t\t\t<p class=\"MsoNormal\" style=\"margin: 0cm 0cm 8pt; line-height: 15.6933px; font-size: 11pt; font-family: Aptos, sans-serif; color: rgb(0, 0, 0); font-style: normal; font-variant-ligatures: normal; font-variant-caps: normal; font-weight: 400;\"><span lang=\"ES-CO\">El siguiente es un escrito sobre el rol del SENA en la reindustrializaci\u00f3n de Colombia: ver CONPES 4129 del 21 de diciembre de 2023. POLITICA NACIONAL DE REINDUSTRIALIZACION.<o:p><\/o:p><\/span><\/p><p class=\"MsoNormal\" style=\"margin: 0cm 0cm 8pt; line-height: 15.6933px; font-size: 11pt; font-family: Aptos, sans-serif; color: rgb(0, 0, 0); font-style: normal; font-variant-ligatures: normal; font-variant-caps: normal; font-weight: 400;\"><span lang=\"ES-CO\">El SENA como pilar de la reindustrializaci\u00f3n colombiana<\/span><span lang=\"ES-CO\" style=\"font-family: &quot;Apple Color Emoji&quot;;\">\ud83c\udde8\ud83c\uddf4<\/span><span lang=\"ES-CO\">: Desaf\u00edos y oportunidades.<o:p><\/o:p><\/span><\/p><p class=\"MsoNormal\" style=\"margin: 0cm 0cm 8pt; line-height: 15.6933px; font-size: 11pt; font-family: Aptos, sans-serif; color: rgb(0, 0, 0); font-style: normal; font-variant-ligatures: normal; font-variant-caps: normal; font-weight: 400;\"><span lang=\"ES-CO\">Noviembre\/2024.<o:p><\/o:p><\/span><\/p><p class=\"MsoNormal\" style=\"margin: 0cm 0cm 8pt; line-height: 15.6933px; font-size: 11pt; font-family: Aptos, sans-serif; color: rgb(0, 0, 0); font-style: normal; font-variant-ligatures: normal; font-variant-caps: normal; font-weight: 400;\"><span lang=\"ES-CO\">La reindustrializaci\u00f3n de Colombia, como lo plantea el CONPES 4129, es una apuesta estrat\u00e9gica para impulsar el desarrollo econ\u00f3mico y social del pa\u00eds. En este contexto, el Servicio Nacional de Aprendizaje (SENA) emerge como un actor fundamental, encargado de formar el talento humano que requiere esta transformaci\u00f3n productiva.<o:p><\/o:p><\/span><\/p><p class=\"MsoNormal\" style=\"margin: 0cm 0cm 8pt; line-height: 15.6933px; font-size: 11pt; font-family: Aptos, sans-serif; color: rgb(0, 0, 0); font-style: normal; font-variant-ligatures: normal; font-variant-caps: normal; font-weight: 400;\"><span lang=\"ES-CO\">Uno de los temas centrales para la generaci\u00f3n de empleo y bienestar en Colombia es la reindustrializaci\u00f3n del pa\u00eds, lo que requiere un liderazgo estrat\u00e9gico del Estado&#8230; Con el fin de mejorar las capacidades humanas de las apuestas de esta Pol\u00edtica, entre 2024 y 2026, al Servicio Nacional de Aprendizaje Sena, el CONPES 4129 le asign\u00f3 entre otras las siguientes tareas: <\/span><span lang=\"ES-CO\" style=\"font-family: &quot;Apple Color Emoji&quot;;\">\ud83d\udc49<\/span><span lang=\"ES-CO\">de dise\u00f1ar\u00e1n e implementar\u00e1n una estrategia de cierre de las brechas de capital humano en los sectores priorizados para la reindustrializaci\u00f3n.<o:p><\/o:p><\/span><\/p><p class=\"MsoNormal\" style=\"margin: 0cm 0cm 8pt; line-height: 15.6933px; font-size: 11pt; font-family: Aptos, sans-serif; color: rgb(0, 0, 0); font-style: normal; font-variant-ligatures: normal; font-variant-caps: normal; font-weight: 400;\"><span lang=\"ES-CO\" style=\"font-family: &quot;Apple Color Emoji&quot;;\">\ud83d\udc49<\/span><span lang=\"ES-CO\">Adicionalmente, el SENA incluir\u00e1 dentro de su Certificaci\u00f3n Nacional competencias laborales para las apuestas de la reindustrializaci\u00f3n, entre los a\u00f1os 2025 y 2029.<o:p><\/o:p><\/span><\/p><p class=\"MsoNormal\" style=\"margin: 0cm 0cm 8pt; line-height: 15.6933px; font-size: 11pt; font-family: Aptos, sans-serif; color: rgb(0, 0, 0); font-style: normal; font-variant-ligatures: normal; font-variant-caps: normal; font-weight: 400;\"><span lang=\"ES-CO\">Con el fin de favorecer las alianzas entre productores y recicladores de oficio que impulsan la econom\u00eda circular,&nbsp; En complemento, el SENA,&nbsp; crear\u00e1 e implementar\u00e1 una estrategia de formaci\u00f3n con un enfoque en formaci\u00f3n t\u00e9cnica y tecnol\u00f3gica aplicada al sector de<o:p><\/o:p><\/span><\/p><p class=\"MsoNormal\" style=\"margin: 0cm 0cm 8pt; line-height: 15.6933px; font-size: 11pt; font-family: Aptos, sans-serif; color: rgb(0, 0, 0); font-style: normal; font-variant-ligatures: normal; font-variant-caps: normal; font-weight: 400;\"><span lang=\"ES-CO\">residuos s\u00f3lidos, agua y saneamiento b\u00e1sico, que coadyuven a la integraci\u00f3n de la comunidad con las comunidades energ\u00e9ticas y basura cero, entre 2024 y 2028.<o:p><\/o:p><\/span><\/p><p><span lang=\"ES-CO\" style=\"color: rgb(0, 0, 0); font-style: normal; font-variant-ligatures: normal; font-variant-caps: normal; font-weight: 400; font-size: 11pt; line-height: 15.6933px; font-family: &quot;Apple Color Emoji&quot;;\">\ud83d\udc49<\/span><span lang=\"ES-CO\" style=\"color: rgb(0, 0, 0); font-style: normal; font-variant-ligatures: normal; font-variant-caps: normal; font-weight: 400; font-size: 11pt; line-height: 15.6933px; font-family: Aptos, sans-serif;\">De acuerdo con el CONPES 4129 del a\u00f1o 2023, El SENA, a trav\u00e9s de sus Tecno parqu\u00e9s, realizar\u00e1 acompa\u00f1amiento a proyectos de base tecnol\u00f3gica para generar prototipos en nivel de madurez tecnol\u00f3gica TRL6, TRL7 y TRL8, desde 2024 hasta 2033. Los niveles de madurez tecnol\u00f3gica (TRLs por sus siglas en ingl\u00e9s &#8211; Technological Readiness Level) son los bloques constitutivos de un m\u00e9todo para estimar la madurez de tecnolog\u00edas.<\/span><span style=\"color: rgb(0, 0, 0); font-size: medium; font-style: normal; font-variant-ligatures: normal; font-variant-caps: normal; font-weight: 400;\"><\/span><\/p>\n<p class=\"MsoNormal\" style=\"margin: 0cm 0cm 8pt; line-height: 15.6933px; font-size: 11pt; font-family: Aptos, sans-serif; color: rgb(0, 0, 0); font-style: normal; font-variant-ligatures: normal; font-variant-caps: normal; font-weight: 400;\"><span lang=\"ES-CO\">Este concepto fue desarrollado en la NASA durante la d\u00e9cada de 1970 para programas espaciales.<o:p><\/o:p><\/span><\/p>\n<p class=\"MsoNormal\" style=\"margin: 0cm 0cm 8pt; line-height: 15.6933px; font-size: 11pt; font-family: Aptos, sans-serif; color: rgb(0, 0, 0); font-style: normal; font-variant-ligatures: normal; font-variant-caps: normal; font-weight: 400;\"><span lang=\"ES-CO\" style=\"font-family: &quot;Apple Color Emoji&quot;;\">\ud83d\udc49<\/span><span lang=\"ES-CO\">Sugerir al Servicio Nacional de Aprendizaje (SENA):<o:p><\/o:p><\/span><\/p>\n<p class=\"MsoNormal\" style=\"margin: 0cm 0cm 8pt; line-height: 15.6933px; font-size: 11pt; font-family: Aptos, sans-serif; color: rgb(0, 0, 0); font-style: normal; font-variant-ligatures: normal; font-variant-caps: normal; font-weight: 400;\"><span lang=\"ES-CO\">a. Incluir dentro de la certificaci\u00f3n nacional competencias laborales requeridas por las apuestas estrat\u00e9gicas Generar prototipos en nivel de madurez tecnol\u00f3gica (TRL) TRL6, TRL7 y TRL8 a partir del acompa\u00f1amiento a Proyectos de Base Tecnol\u00f3gica por parte de los tecno parqu\u00e9s SENA.<o:p><\/o:p><\/span><\/p>\n<p class=\"MsoNormal\" style=\"margin: 0cm 0cm 8pt; line-height: 15.6933px; font-size: 11pt; font-family: Aptos, sans-serif; color: rgb(0, 0, 0); font-style: normal; font-variant-ligatures: normal; font-variant-caps: normal; font-weight: 400;\"><span lang=\"ES-CO\" style=\"font-family: &quot;Apple Color Emoji&quot;;\">\ud83d\udc49<\/span><span lang=\"ES-CO\">Beneficiar unidades productivas rurales de bienes y servicios en el marco del programa SENA Emprende Rural, relacionadas con las apuestas estrat\u00e9gicas de la Pol\u00edtica de reindustrializaci\u00f3n.<o:p><\/o:p><\/span><\/p>\n<p class=\"MsoNormal\" style=\"margin: 0cm 0cm 8pt; line-height: 15.6933px; font-size: 11pt; font-family: Aptos, sans-serif; color: rgb(0, 0, 0); font-style: normal; font-variant-ligatures: normal; font-variant-caps: normal; font-weight: 400;\"><span lang=\"ES-CO\">El CONPES 4129 asigna al SENA un papel protag\u00f3nico en la formaci\u00f3n de capital humano para los sectores priorizados en la reindustrializaci\u00f3n. Sin embargo, es fundamental reflexionar sobre los desaf\u00edos y oportunidades que se presentan en este proceso.<o:p><\/o:p><\/span><\/p>\t\t\t\t\t\t<\/div>\n\t\t\t\t<\/div>\n\t\t\t\t\t<\/div>\n\t\t<\/div>\n\t\t\t\t<div class=\"elementor-column elementor-col-50 elementor-inner-column elementor-element elementor-element-bbc9f5c\" data-id=\"bbc9f5c\" data-element_type=\"column\">\n\t\t\t<div class=\"elementor-widget-wrap elementor-element-populated\">\n\t\t\t\t\t\t<div class=\"elementor-element elementor-element-2966fac elementor-widget elementor-widget-text-editor\" data-id=\"2966fac\" data-element_type=\"widget\" data-widget_type=\"text-editor.default\">\n\t\t\t\t<div class=\"elementor-widget-container\">\n\t\t\t\t\t\t\t<p class=\"MsoNormal\" style=\"margin: 0cm; line-height: 15.6933px; font-size: 11pt; font-family: Aptos, sans-serif; color: #000000; font-style: normal; font-variant-ligatures: normal; font-variant-caps: normal; font-weight: 400; text-align: justify;\">\u00a0<\/p><p class=\"MsoNormal\" style=\"margin: 0cm; line-height: 15.6933px; font-size: 11pt; font-family: Aptos, sans-serif; color: #000000; font-style: normal; font-variant-ligatures: normal; font-variant-caps: normal; font-weight: 400; text-align: justify;\"><span lang=\"ES-CO\">\u00a0<\/span><\/p><p class=\"MsoNormal\" style=\"margin: 0cm; line-height: 15.6933px; font-size: 11pt; font-family: Aptos, sans-serif; color: #000000; font-style: normal; font-variant-ligatures: normal; font-variant-caps: normal; font-weight: 400; text-align: justify;\"><span lang=\"ES-CO\" style=\"font-family: 'Segoe UI Emoji', sans-serif;\">\ud83d\udc49<\/span><span lang=\"ES-CO\"> Desaf\u00edos:\u00a0<\/span><\/p><p class=\"MsoNormal\" style=\"margin: 0cm; line-height: 15.6933px; font-size: 11pt; font-family: Aptos, sans-serif; color: #000000; font-style: normal; font-variant-ligatures: normal; font-variant-caps: normal; font-weight: 400; text-align: justify;\"><span lang=\"ES-CO\">\u00a0<\/span><\/p><p class=\"MsoNormal\" style=\"margin: 0cm; line-height: 15.6933px; font-size: 11pt; font-family: Aptos, sans-serif; color: #000000; font-style: normal; font-variant-ligatures: normal; font-variant-caps: normal; font-weight: 400; text-align: justify;\"><span lang=\"ES-CO\">\u00a01 Alinear la oferta educativa con las demandas del sector productivo: Es necesario garantizar que las competencias que se imparten en el SENA sean pertinentes y respondan a las necesidades reales de las empresas.<\/span><\/p><p class=\"MsoNormal\" style=\"margin: 0cm; line-height: 15.6933px; font-size: 11pt; font-family: Aptos, sans-serif; color: #000000; font-style: normal; font-variant-ligatures: normal; font-variant-caps: normal; font-weight: 400; text-align: justify;\"><span lang=\"ES-CO\">\u00a0 2\ufe0f<\/span><span lang=\"ES-CO\">\u00a0Fortalecer la vinculaci\u00f3n con el sector empresarial: Promover alianzas estrat\u00e9gicas entre el SENA y las empresas para co-crear programas de formaci\u00f3n y facilitar la inserci\u00f3n laboral de los aprendices.<\/span><\/p><p class=\"MsoNormal\" style=\"margin: 0cm; line-height: 15.6933px; font-size: 11pt; font-family: Aptos, sans-serif; color: #000000; font-style: normal; font-variant-ligatures: normal; font-variant-caps: normal; font-weight: 400; text-align: justify;\"><span lang=\"ES-CO\">\u00a0 \u00a03<\/span><span lang=\"ES-CO\">\u00a0Desarrollar capacidades en tecnolog\u00edas emergentes: La r\u00e1pida evoluci\u00f3n tecnol\u00f3gica exige una actualizaci\u00f3n constante de los programas de formaci\u00f3n del SENA para incluir habilidades en \u00e1reas como la inteligencia artificial, la rob\u00f3tica y la anal\u00edtica de datos.<\/span><\/p><p class=\"MsoNormal\" style=\"margin: 0cm; line-height: 15.6933px; font-size: 11pt; font-family: Aptos, sans-serif; color: #000000; font-style: normal; font-variant-ligatures: normal; font-variant-caps: normal; font-weight: 400; text-align: justify;\"><span lang=\"ES-CO\">\u00a04<\/span><span lang=\"ES-CO\">\u00a0Promover la innovaci\u00f3n y el emprendimiento-Sennova: Fomentar una cultura de innovaci\u00f3n en el SENA y apoyar a los aprendices en la creaci\u00f3n de sus propias empresas.\u00bfcu\u00e1ntas solicitudes de patentes por mill\u00f3n de habitantes han surgido de los Tecnoparques del SENA?<\/span><\/p><p class=\"MsoNormal\" style=\"margin: 0cm; line-height: 15.6933px; font-size: 11pt; font-family: Aptos, sans-serif; color: #000000; font-style: normal; font-variant-ligatures: normal; font-variant-caps: normal; font-weight: 400; text-align: justify;\"><span lang=\"ES-CO\">Oportunidades:<\/span><\/p><p class=\"MsoNormal\" style=\"margin: 0cm; line-height: 15.6933px; font-size: 11pt; font-family: Aptos, sans-serif; color: #000000; font-style: normal; font-variant-ligatures: normal; font-variant-caps: normal; font-weight: 400; text-align: justify;\"><span lang=\"ES-CO\">\u00a0<\/span><\/p><p class=\"MsoNormal\" style=\"margin: 0cm; line-height: 15.6933px; font-size: 11pt; font-family: Aptos, sans-serif; color: #000000; font-style: normal; font-variant-ligatures: normal; font-variant-caps: normal; font-weight: 400; text-align: justify;\"><span lang=\"ES-CO\">\u00a0<\/span><span lang=\"ES-CO\" style=\"font-family: 'Segoe UI Emoji', sans-serif;\">\ud83d\udc49<\/span><span lang=\"ES-CO\">* Liderar la transici\u00f3n hacia una econom\u00eda basada en el conocimiento: El SENA puede convertirse en un motor de innovaci\u00f3n y desarrollo tecnol\u00f3gico, impulsando la generaci\u00f3n de valor agregado en los productos y servicios colombianos.<\/span><\/p><p class=\"MsoNormal\" style=\"margin: 0cm; line-height: 15.6933px; font-size: 11pt; font-family: Aptos, sans-serif; color: #000000; font-style: normal; font-variant-ligatures: normal; font-variant-caps: normal; font-weight: 400; text-align: justify;\"><span lang=\"ES-CO\">\u00a0<\/span><\/p><p class=\"MsoNormal\" style=\"margin: 0cm; line-height: 15.6933px; font-size: 11pt; font-family: Aptos, sans-serif; color: #000000; font-style: normal; font-variant-ligatures: normal; font-variant-caps: normal; font-weight: 400; text-align: justify;\"><span lang=\"ES-CO\" style=\"font-family: 'Segoe UI Emoji', sans-serif;\">\ud83d\udc49<\/span><span lang=\"ES-CO\"> * Contribuir a la sostenibilidad ambiental: La formaci\u00f3n en temas relacionados con la econom\u00eda circular y las energ\u00edas renovables puede posicionar al SENA como un actor clave en la construcci\u00f3n de un futuro m\u00e1s sostenible.<\/span><\/p><p class=\"MsoNormal\" style=\"margin: 0cm; line-height: 15.6933px; font-size: 11pt; font-family: Aptos, sans-serif; color: #000000; font-style: normal; font-variant-ligatures: normal; font-variant-caps: normal; font-weight: 400; text-align: justify;\"><span lang=\"ES-CO\">\u00a0<\/span><\/p><p class=\"MsoNormal\" style=\"margin: 0cm; line-height: 15.6933px; font-size: 11pt; font-family: Aptos, sans-serif; color: #000000; font-style: normal; font-variant-ligatures: normal; font-variant-caps: normal; font-weight: 400; text-align: justify;\"><span lang=\"ES-CO\" style=\"font-family: 'Segoe UI Emoji', sans-serif;\">\ud83d\udc49<\/span><span lang=\"ES-CO\"> * Fortalecer las regiones: A trav\u00e9s de sus 117\u00a0 centros de formaci\u00f3n y 32 regionales, el SENA puede contribuir al desarrollo de las regiones y reducir las desigualdades.<\/span><\/p><p class=\"MsoNormal\" style=\"margin: 0cm; line-height: 15.6933px; font-size: 11pt; font-family: Aptos, sans-serif; color: #000000; font-style: normal; font-variant-ligatures: normal; font-variant-caps: normal; font-weight: 400; text-align: justify;\"><span lang=\"ES-CO\">Propuestas:<\/span><\/p><p class=\"MsoNormal\" style=\"margin: 0cm; line-height: 15.6933px; font-size: 11pt; font-family: Aptos, sans-serif; color: #000000; font-style: normal; font-variant-ligatures: normal; font-variant-caps: normal; font-weight: 400; text-align: justify;\"><span lang=\"ES-CO\">\u00a0<\/span><\/p><p class=\"MsoNormal\" style=\"margin: 0cm; line-height: 15.6933px; font-size: 11pt; font-family: Aptos, sans-serif; color: #000000; font-style: normal; font-variant-ligatures: normal; font-variant-caps: normal; font-weight: 400; text-align: justify;\"><span lang=\"ES-CO\">Adem\u00e1s de las acciones ya establecidas en el CONPES 4129 de 2023, se sugieren las siguientes iniciativas:<\/span><\/p><p class=\"MsoNormal\" style=\"margin: 0cm; line-height: 15.6933px; font-size: 11pt; font-family: Aptos, sans-serif; color: #000000; font-style: normal; font-variant-ligatures: normal; font-variant-caps: normal; font-weight: 400; text-align: justify;\"><span lang=\"ES-CO\">\u00a0<\/span><\/p><p class=\"MsoNormal\" style=\"margin: 0cm; line-height: 15.6933px; font-size: 11pt; color: #000000; font-style: normal; font-variant-ligatures: normal; font-variant-caps: normal; font-weight: 400; text-align: justify;\"><span lang=\"ES-CO\"><span style=\"font-family: Aptos, sans-serif;\">\u00a01\ufe0f<\/span><span style=\"font-family: Tahoma, sans-serif;\">.\u00a0<\/span><\/span><span lang=\"ES-CO\" style=\"font-family: Aptos, sans-serif;\">Incluir dentro de la certificaci\u00f3n nacional competencias laborales requeridas para los proyectos de base tecnol\u00f3gica: Esto permitir\u00e1 que los egresados del SENA est\u00e9n mejor preparados para participar en proyectos de innovaci\u00f3n y desarrollo.<\/span><\/p><p class=\"MsoNormal\" style=\"margin: 0cm; line-height: 15.6933px; font-size: 11pt; color: #000000; font-style: normal; font-variant-ligatures: normal; font-variant-caps: normal; font-weight: 400; text-align: justify;\"><span lang=\"ES-CO\"><span style=\"font-family: Aptos, sans-serif;\">\u00a02\ufe0f<\/span><span style=\"font-family: Tahoma, sans-serif;\">.<\/span><\/span><span lang=\"ES-CO\" style=\"font-family: Aptos, sans-serif;\">\u00a0Beneficiar unidades productivas rurales en el marco del programa SENA Emprende Rural: Esta medida contribuir\u00e1 a fortalecer la producci\u00f3n rural y a diversificar la econom\u00eda.<\/span><\/p><p class=\"MsoNormal\" style=\"margin: 0cm; line-height: 15.6933px; font-size: 11pt; color: #000000; font-style: normal; font-variant-ligatures: normal; font-variant-caps: normal; font-weight: 400; text-align: justify;\"><span lang=\"ES-CO\"><span style=\"font-family: Aptos, sans-serif;\">\u00a03.<\/span><\/span><span lang=\"ES-CO\" style=\"font-family: Aptos, sans-serif;\">\u00a0Desarrollar programas de formaci\u00f3n especializados en sectores emergentes: Es necesario identificar y abordar las necesidades de formaci\u00f3n en sectores como la biotecnolog\u00eda, la nanotecnolog\u00eda, experto en ciberseguridad, dise\u00f1ador de \u00f3rganos, Prompt Engineer o ingeniero de Inteligencia artificial. Administrador online post mortem, y la econom\u00eda espacial. La Econom\u00eda Espacial estudia fen\u00f3menos econ\u00f3micos con \u00e9nfasis en su localizaci\u00f3n en el espacio. Este campo de la Econom\u00eda comprende dos grandes ramas: la Econom\u00eda Urbana y la Econom\u00eda Regional.<\/span><\/p><p class=\"MsoNormal\" style=\"margin: 0cm; line-height: 15.6933px; font-size: 11pt; color: #000000; font-style: normal; font-variant-ligatures: normal; font-variant-caps: normal; font-weight: 400; text-align: justify;\"><span lang=\"ES-CO\" style=\"font-family: Aptos, sans-serif;\">\u00a0<\/span><\/p><p class=\"MsoNormal\" style=\"margin: 0cm; line-height: 15.6933px; font-size: 11pt; font-family: Aptos, sans-serif; color: #000000; font-style: normal; font-variant-ligatures: normal; font-variant-caps: normal; font-weight: 400; text-align: justify;\"><span lang=\"ES-CO\">\u00a04. Promover la investigaci\u00f3n aplicada: Fomentar la investigaci\u00f3n en temas relevantes para la reindustrializaci\u00f3n, como la eficiencia energ\u00e9tica, la optimizaci\u00f3n de procesos productivos y el desarrollo de nuevos materiales.<\/span><\/p><p class=\"MsoNormal\" style=\"margin: 0cm; line-height: 15.6933px; font-size: 11pt; font-family: Aptos, sans-serif; color: #000000; font-style: normal; font-variant-ligatures: normal; font-variant-caps: normal; font-weight: 400; text-align: justify;\"><span lang=\"ES-CO\">En conclusi\u00f3n, el SENA tiene un papel fundamental en la reindustrializaci\u00f3n de Colombia. Al fortalecer sus capacidades y ampliar su oferta educativa, puede contribuir a la generaci\u00f3n de empleo de calidad, al aumento de la productividad y a la construcci\u00f3n de un futuro m\u00e1s pr\u00f3spero para el pa\u00eds..<\/span><\/p>\t\t\t\t\t\t<\/div>\n\t\t\t\t<\/div>\n\t\t\t\t\t<\/div>\n\t\t<\/div>\n\t\t\t\t\t<\/div>\n\t\t<\/section>\n\t\t\t\t\t<\/div>\n\t\t<\/div>\n\t\t\t\t\t<\/div>\n\t\t<\/section>\n\t\t\t\t<\/div>\n\t\t","protected":false},"excerpt":{"rendered":"<p>El SENA como pilar de la reindustrializaci\u00f3n colombiana\ud83c\udde8\ud83c\uddf4: Desaf\u00edos y oportunidades El siguiente es un escrito sobre el rol del SENA en la reindustrializaci\u00f3n de Colombia: ver CONPES 4129 del 21 de diciembre de 2023. POLITICA NACIONAL DE REINDUSTRIALIZACION. El SENA como pilar de la reindustrializaci\u00f3n colombiana\ud83c\udde8\ud83c\uddf4: Desaf\u00edos y oportunidades. Noviembre\/2024. La reindustrializaci\u00f3n de Colombia, [&hellip;]<\/p>\n","protected":false},"author":1,"featured_media":1816,"comment_status":"closed","ping_status":"closed","sticky":false,"template":"","format":"standard","meta":{"om_disable_all_campaigns":false,"_monsterinsights_skip_tracking":false,"_monsterinsights_sitenote_active":false,"_monsterinsights_sitenote_note":"","_monsterinsights_sitenote_category":0,"footnotes":""},"categories":[1],"tags":[],"class_list":["post-1808","post","type-post","status-publish","format-standard","has-post-thumbnail","hentry","category-otros","entry","has-media"],"aioseo_notices":[],"_links":{"self":[{"href":"https:\/\/unaltrasena.com\/index.php\/wp-json\/wp\/v2\/posts\/1808","targetHints":{"allow":["GET"]}}],"collection":[{"href":"https:\/\/unaltrasena.com\/index.php\/wp-json\/wp\/v2\/posts"}],"about":[{"href":"https:\/\/unaltrasena.com\/index.php\/wp-json\/wp\/v2\/types\/post"}],"author":[{"embeddable":true,"href":"https:\/\/unaltrasena.com\/index.php\/wp-json\/wp\/v2\/users\/1"}],"replies":[{"embeddable":true,"href":"https:\/\/unaltrasena.com\/index.php\/wp-json\/wp\/v2\/comments?post=1808"}],"version-history":[{"count":8,"href":"https:\/\/unaltrasena.com\/index.php\/wp-json\/wp\/v2\/posts\/1808\/revisions"}],"predecessor-version":[{"id":1817,"href":"https:\/\/unaltrasena.com\/index.php\/wp-json\/wp\/v2\/posts\/1808\/revisions\/1817"}],"wp:featuredmedia":[{"embeddable":true,"href":"https:\/\/unaltrasena.com\/index.php\/wp-json\/wp\/v2\/media\/1816"}],"wp:attachment":[{"href":"https:\/\/unaltrasena.com\/index.php\/wp-json\/wp\/v2\/media?parent=1808"}],"wp:term":[{"taxonomy":"category","embeddable":true,"href":"https:\/\/unaltrasena.com\/index.php\/wp-json\/wp\/v2\/categories?post=1808"},{"taxonomy":"post_tag","embeddable":true,"href":"https:\/\/unaltrasena.com\/index.php\/wp-json\/wp\/v2\/tags?post=1808"}],"curies":[{"name":"wp","href":"https:\/\/api.w.org\/{rel}","templated":true}]}}