{"id":1912,"date":"2025-09-10T09:44:23","date_gmt":"2025-09-10T14:44:23","guid":{"rendered":"https:\/\/unaltrasena.com\/?p=1912"},"modified":"2025-09-10T09:48:46","modified_gmt":"2025-09-10T14:48:46","slug":"unaltrasena-y-la-direccion-de-formacion-profesional-se-unen-para-mejorar-la-calidad-educativa","status":"publish","type":"post","link":"https:\/\/unaltrasena.com\/index.php\/2025\/09\/10\/unaltrasena-y-la-direccion-de-formacion-profesional-se-unen-para-mejorar-la-calidad-educativa\/","title":{"rendered":"Unaltrasena y la Direcci\u00f3n de Formaci\u00f3n Profesional se unen para mejorar la calidad educativa \ud83e\udd1d"},"content":{"rendered":"\t\t<div data-elementor-type=\"wp-post\" data-elementor-id=\"1912\" class=\"elementor elementor-1912\">\n\t\t\t\t\t\t<section class=\"elementor-section elementor-top-section elementor-element elementor-element-a301a31 elementor-section-boxed elementor-section-height-default elementor-section-height-default\" data-id=\"a301a31\" data-element_type=\"section\">\n\t\t\t\t\t\t<div class=\"elementor-container elementor-column-gap-default\">\n\t\t\t\t\t<div class=\"elementor-column elementor-col-100 elementor-top-column elementor-element elementor-element-2378a53\" data-id=\"2378a53\" data-element_type=\"column\">\n\t\t\t<div class=\"elementor-widget-wrap elementor-element-populated\">\n\t\t\t\t\t\t<section class=\"elementor-section elementor-inner-section elementor-element elementor-element-4ecc670 elementor-section-boxed elementor-section-height-default elementor-section-height-default\" data-id=\"4ecc670\" data-element_type=\"section\">\n\t\t\t\t\t\t<div class=\"elementor-container elementor-column-gap-default\">\n\t\t\t\t\t<div class=\"elementor-column elementor-col-50 elementor-inner-column elementor-element elementor-element-e856e49\" data-id=\"e856e49\" data-element_type=\"column\">\n\t\t\t<div class=\"elementor-widget-wrap elementor-element-populated\">\n\t\t\t\t\t\t<div class=\"elementor-element elementor-element-f52a44e elementor-widget elementor-widget-text-editor\" data-id=\"f52a44e\" data-element_type=\"widget\" data-widget_type=\"text-editor.default\">\n\t\t\t\t<div class=\"elementor-widget-container\">\n\t\t\t\t\t\t\t<p><span class=\"citation-172\">El pasado 19 de mayo de 2025, se llev\u00f3 a cabo una importante reuni\u00f3n entre <\/span><\/p><p><b><span class=\"citation-172\">Unaltrasena<\/span><\/b><span class=\"citation-172\"> y la <\/span><b><span class=\"citation-172\">Direcci\u00f3n de Formaci\u00f3n Profesional Integral (D.F.P.I.)<\/span><\/b><span class=\"citation-172 citation-end-172\"> del Sena para abordar y solucionar varios problemas que afectan la calidad de la formaci\u00f3n<\/span>. La agenda fue intensa y se enfoc\u00f3 en varios puntos cr\u00edticos para la comunidad educativa.<\/p><div class=\"source-inline-chip-container ng-star-inserted\">\u00a0<span style=\"color: #333333; font-family: Montserrat; font-size: 18px; font-weight: 600;\">Principales acuerdos y compromisos<\/span><\/div><h4>1. Plataformas Tecnol\u00f3gicas: Zajuna y Sof\u00eda Plus <img decoding=\"async\" class=\"emoji\" role=\"img\" draggable=\"false\" src=\"https:\/\/s.w.org\/images\/core\/emoji\/16.0.1\/svg\/1f4bb.svg\" alt=\"\ud83d\udcbb\" \/><\/h4><p><span class=\"citation-171\">Una de las mayores preocupaciones son las fallas t\u00e9cnicas en las plataformas <\/span><\/p><p><b><span class=\"citation-171\">Sofia Plus<\/span><\/b><span class=\"citation-171\"> y <\/span><b><span class=\"citation-171\">Zajuna<\/span><\/b><span class=\"citation-171 citation-end-171\"> que est\u00e1n afectando la formaci\u00f3n virtual<\/span>. <span class=\"citation-170 citation-end-170\">Unaltrasena solicit\u00f3 a la D.F.P.I. una verificaci\u00f3n y seguimiento inmediato para solucionar estos inconvenientes<\/span>.\u00a0<span style=\"font-size: 14px;\">Adem\u00e1s, debido a los problemas de Zajuna en la formaci\u00f3n virtual, la D.F.P.I. se comprometi\u00f3 a realizar un\u00a0<\/span><b style=\"font-size: 14px;\"><span class=\"citation-169\">an\u00e1lisis t\u00e9cnico y operativo antes del 15 de julio de 2025<\/span><\/b><span class=\"citation-169\" style=\"font-size: 14px;\"> para evaluar si esta plataforma puede ser implementada tambi\u00e9n en la <\/span><b style=\"font-size: 14px;\"><span class=\"citation-169\">formaci\u00f3n presencial<\/span><\/b><span style=\"font-size: 14px;\">.<\/span><\/p><div class=\"source-inline-chip-container ng-star-inserted\">\u00a0<span style=\"color: #333333; font-size: 17px; font-weight: 600;\">2. Calidad de la Formaci\u00f3n y Actualizaci\u00f3n de Programas <\/span><img decoding=\"async\" class=\"emoji\" style=\"color: #333333; font-size: 17px; font-weight: 600; background-color: #ffffff;\" role=\"img\" draggable=\"false\" src=\"https:\/\/s.w.org\/images\/core\/emoji\/16.0.1\/svg\/1f4c8.svg\" alt=\"\ud83d\udcc8\" \/><\/div><p><span class=\"citation-168 citation-end-168\">Unaltrasena expres\u00f3 su inconformidad con el debilitamiento de la calidad de la formaci\u00f3n<\/span>. <span class=\"citation-167\">La D.F.P.I. se comprometi\u00f3 a revisar el proceso de\u00a0<\/span><b style=\"font-size: 14px;\"><span class=\"citation-167\">actualizaci\u00f3n de las normas de competencia<\/span><\/b><span class=\"citation-167 citation-end-167\" style=\"font-size: 14px;\"> y a trabajar con el grupo de gesti\u00f3n y desarrollo curricular para actualizar los programas de formaci\u00f3n de manera m\u00e1s din\u00e1mica<\/span><span style=\"font-size: 14px;\">. <\/span><span class=\"citation-166 citation-end-166\" style=\"font-size: 14px;\">El objetivo es responder de forma oportuna a las necesidades del sector productivo<\/span><span style=\"font-size: 14px;\">.<\/span><\/p>\t\t\t\t\t\t<\/div>\n\t\t\t\t<\/div>\n\t\t\t\t\t<\/div>\n\t\t<\/div>\n\t\t\t\t<div class=\"elementor-column elementor-col-50 elementor-inner-column elementor-element elementor-element-29aef3a\" data-id=\"29aef3a\" data-element_type=\"column\">\n\t\t\t<div class=\"elementor-widget-wrap elementor-element-populated\">\n\t\t\t\t\t\t<div class=\"elementor-element elementor-element-824bf08 elementor-widget elementor-widget-text-editor\" data-id=\"824bf08\" data-element_type=\"widget\" data-widget_type=\"text-editor.default\">\n\t\t\t\t<div class=\"elementor-widget-container\">\n\t\t\t\t\t\t\t<p>3. Proceso de Reingreso y Biling\u00fcismo <img decoding=\"async\" class=\"emoji\" role=\"img\" draggable=\"false\" src=\"https:\/\/s.w.org\/images\/core\/emoji\/16.0.1\/svg\/1f5e3.svg\" alt=\"\ud83d\udde3\ufe0f\" \/><\/p><p>\u00a0<\/p><ul><li><p><b><span class=\"citation-165\">Acuerdo 006 de 2023<\/span><\/b><span class=\"citation-165\">: Ante la falta de claridad en la ejecuci\u00f3n del Acuerdo 006 de 2023, la D.F.P.I. acept\u00f3 la sugerencia de Unaltrasena de revisar su alcance para establecer <\/span><b><span class=\"citation-165\">procedimientos claros<\/span><\/b><span class=\"citation-165 citation-end-165\"> para los aprendices que solicitan un reingreso especial<\/span>.<\/p><div class=\"source-inline-chip-container ng-star-inserted\">\u00a0<\/div><\/li><li><p><b><span class=\"citation-164\">Biling\u00fcismo<\/span><\/b><span class=\"citation-164 citation-end-164\">: Unaltrasena se encargar\u00e1 de presentar un informe detallado a la D.F.P.I. sobre los casos deficientes en la formaci\u00f3n virtual de biling\u00fcismo a nivel nacional, buscando concertar soluciones que mejoren la calidad de este programa<\/span>.<\/p><\/li><\/ul><p><span style=\"color: #333333; font-size: 17px; font-weight: 600;\">4. Investigaci\u00f3n y Articulaci\u00f3n con la Media T\u00e9cnica <\/span><img decoding=\"async\" class=\"emoji\" style=\"background-color: #ffffff; color: #333333; font-size: 17px; font-weight: 600;\" role=\"img\" draggable=\"false\" src=\"https:\/\/s.w.org\/images\/core\/emoji\/16.0.1\/svg\/1f9ea.svg\" alt=\"\ud83e\uddea\" \/><\/p><p>\u00a0<\/p><ul><li><p><b><span class=\"citation-163\">Sennova<\/span><\/b><span class=\"citation-163\">: Unaltrasena inst\u00f3 a la D.F.P.I. a retomar de inmediato los procesos de investigaci\u00f3n relacionados con <\/span><b><span class=\"citation-163\">Sennova<\/span><\/b><span class=\"citation-163 citation-end-163\">, ya que se han identificado proyectos archivados, equipos abandonados y recursos mal gestionados<\/span>.<\/p><div class=\"source-inline-chip-container ng-star-inserted\">\u00a0<\/div><\/li><li><p><b><span class=\"citation-162\">Articulaci\u00f3n con la Media T\u00e9cnica<\/span><\/b><span class=\"citation-162\">: Para mejorar la calidad y pertinencia de los programas, la D.F.P.I. se comprometi\u00f3 a implementar <\/span><b><span class=\"citation-162\">aulas m\u00f3viles<\/span><\/b><span class=\"citation-162 citation-end-162\"> en al menos seis programas de formaci\u00f3n<\/span>. <span class=\"citation-161 citation-end-161\">Esta iniciativa busca fomentar la competitividad y la retenci\u00f3n en el sector rural, elevando el nivel tecnol\u00f3gico de las instituciones<\/span>.<\/p><\/li><\/ul><h4>5. Cohesi\u00f3n de Equipos Pedag\u00f3gicos <img decoding=\"async\" class=\"emoji\" role=\"img\" draggable=\"false\" src=\"https:\/\/s.w.org\/images\/core\/emoji\/16.0.1\/svg\/1f91d.svg\" alt=\"\ud83e\udd1d\" \/><\/h4><p>\u00a0<\/p><p><span class=\"citation-160\">Para solucionar la falta de coordinaci\u00f3n en los centros de formaci\u00f3n, donde los equipos pedag\u00f3gicos y de dise\u00f1o curricular trabajan de manera desarticulada, la D.F.P.I. se comprometi\u00f3 a establecer y unificar\u00a0<\/span><b style=\"font-size: 14px;\"><span class=\"citation-160\">lineamientos claros<\/span><\/b><span class=\"citation-160 citation-end-160\" style=\"font-size: 14px;\"> para su gesti\u00f3n y la de sus colaboradores<\/span><span style=\"font-size: 14px;\">.<\/span><\/p><p><span class=\"citation-159\">Esta colaboraci\u00f3n demuestra que el <\/span><\/p><p><b><span class=\"citation-159\">Sena<\/span><\/b><span class=\"citation-159 citation-end-159\"> es una instituci\u00f3n que busca el bien com\u00fan por encima de los intereses individuales, con la formaci\u00f3n profesional integral como su pilar fundamental<\/span>.<\/p>\t\t\t\t\t\t<\/div>\n\t\t\t\t<\/div>\n\t\t\t\t\t<\/div>\n\t\t<\/div>\n\t\t\t\t\t<\/div>\n\t\t<\/section>\n\t\t\t\t\t<\/div>\n\t\t<\/div>\n\t\t\t\t\t<\/div>\n\t\t<\/section>\n\t\t\t\t<\/div>\n\t\t","protected":false},"excerpt":{"rendered":"<p>El pasado 19 de mayo de 2025, se llev\u00f3 a cabo una importante reuni\u00f3n entre Unaltrasena y la Direcci\u00f3n de Formaci\u00f3n Profesional Integral (D.F.P.I.) del Sena para abordar y solucionar varios problemas que afectan la calidad de la formaci\u00f3n. La agenda fue intensa y se enfoc\u00f3 en varios puntos cr\u00edticos para la comunidad educativa. \u00a0Principales [&hellip;]<\/p>\n","protected":false},"author":1,"featured_media":1910,"comment_status":"open","ping_status":"open","sticky":false,"template":"","format":"standard","meta":{"om_disable_all_campaigns":false,"_monsterinsights_skip_tracking":false,"_monsterinsights_sitenote_active":false,"_monsterinsights_sitenote_note":"","_monsterinsights_sitenote_category":0,"footnotes":""},"categories":[1],"tags":[],"class_list":["post-1912","post","type-post","status-publish","format-standard","has-post-thumbnail","hentry","category-otros","entry","has-media"],"aioseo_notices":[],"_links":{"self":[{"href":"https:\/\/unaltrasena.com\/index.php\/wp-json\/wp\/v2\/posts\/1912","targetHints":{"allow":["GET"]}}],"collection":[{"href":"https:\/\/unaltrasena.com\/index.php\/wp-json\/wp\/v2\/posts"}],"about":[{"href":"https:\/\/unaltrasena.com\/index.php\/wp-json\/wp\/v2\/types\/post"}],"author":[{"embeddable":true,"href":"https:\/\/unaltrasena.com\/index.php\/wp-json\/wp\/v2\/users\/1"}],"replies":[{"embeddable":true,"href":"https:\/\/unaltrasena.com\/index.php\/wp-json\/wp\/v2\/comments?post=1912"}],"version-history":[{"count":4,"href":"https:\/\/unaltrasena.com\/index.php\/wp-json\/wp\/v2\/posts\/1912\/revisions"}],"predecessor-version":[{"id":1916,"href":"https:\/\/unaltrasena.com\/index.php\/wp-json\/wp\/v2\/posts\/1912\/revisions\/1916"}],"wp:featuredmedia":[{"embeddable":true,"href":"https:\/\/unaltrasena.com\/index.php\/wp-json\/wp\/v2\/media\/1910"}],"wp:attachment":[{"href":"https:\/\/unaltrasena.com\/index.php\/wp-json\/wp\/v2\/media?parent=1912"}],"wp:term":[{"taxonomy":"category","embeddable":true,"href":"https:\/\/unaltrasena.com\/index.php\/wp-json\/wp\/v2\/categories?post=1912"},{"taxonomy":"post_tag","embeddable":true,"href":"https:\/\/unaltrasena.com\/index.php\/wp-json\/wp\/v2\/tags?post=1912"}],"curies":[{"name":"wp","href":"https:\/\/api.w.org\/{rel}","templated":true}]}}