{"id":1933,"date":"2025-09-11T05:09:55","date_gmt":"2025-09-11T10:09:55","guid":{"rendered":"https:\/\/unaltrasena.com\/?p=1933"},"modified":"2025-09-16T18:27:19","modified_gmt":"2025-09-16T23:27:19","slug":"nueva-dinamica-unaltrasena-para-fortalecer-el-bienestar-institucional-de-sus-afiliados","status":"publish","type":"post","link":"https:\/\/unaltrasena.com\/index.php\/2025\/09\/11\/nueva-dinamica-unaltrasena-para-fortalecer-el-bienestar-institucional-de-sus-afiliados\/","title":{"rendered":"Nueva Junta Directiva Nacional"},"content":{"rendered":"\t\t<div data-elementor-type=\"wp-post\" data-elementor-id=\"1933\" class=\"elementor elementor-1933\">\n\t\t\t\t\t\t<section class=\"elementor-section elementor-top-section elementor-element elementor-element-e33041c elementor-section-boxed elementor-section-height-default elementor-section-height-default\" data-id=\"e33041c\" data-element_type=\"section\">\n\t\t\t\t\t\t<div class=\"elementor-container elementor-column-gap-default\">\n\t\t\t\t\t<div class=\"elementor-column elementor-col-100 elementor-top-column elementor-element elementor-element-b79d132\" data-id=\"b79d132\" data-element_type=\"column\">\n\t\t\t<div class=\"elementor-widget-wrap elementor-element-populated\">\n\t\t\t\t\t\t<section class=\"elementor-section elementor-inner-section elementor-element elementor-element-0f06384 elementor-section-boxed elementor-section-height-default elementor-section-height-default\" data-id=\"0f06384\" data-element_type=\"section\">\n\t\t\t\t\t\t<div class=\"elementor-container elementor-column-gap-default\">\n\t\t\t\t\t<div class=\"elementor-column elementor-col-50 elementor-inner-column elementor-element elementor-element-9de5741\" data-id=\"9de5741\" data-element_type=\"column\">\n\t\t\t<div class=\"elementor-widget-wrap elementor-element-populated\">\n\t\t\t\t\t\t<div class=\"elementor-element elementor-element-e2392aa elementor-widget elementor-widget-text-editor\" data-id=\"e2392aa\" data-element_type=\"widget\" data-widget_type=\"text-editor.default\">\n\t\t\t\t<div class=\"elementor-widget-container\">\n\t\t\t\t\t\t\t<p>Como parte de la din\u00e1mica que Unaltrasena viene desarrollando para fortalecer el bienestar institucional de sus afiliados y en la gesti\u00f3n activa frente a los procesos administrativos que la instituci\u00f3n presenta constantemente a toda la comunidad educativa, se acord\u00f3 una nueva junta directiva nacional conformada de la siguiente manera:<\/p>\n<p><strong>Presidente JN Nacional:<\/strong> Oscar Calder\u00f3n Loaiza &#8211; Distrito Capital.<\/p>\n<p><strong>\u00a0<\/strong><strong>Vicepresidente JN Nacional:<\/strong> Leonor Rojas Marmolejo \u2013 Risaralda.<\/p>\n<p><strong>\u00a0<\/strong><strong>Fiscal Nacional:<\/strong> Eliseo Casta\u00f1eda Rodr\u00edguez \u2013 Cundinamarca.<\/p>\n<p><strong>\u00a0<\/strong><strong>Secretar\u00eda General:<\/strong> Mirtha Moreno Murillo \u2013 Choco.<\/p>\n<p><strong>\u00a0<\/strong><strong>Tesorero JN Nacional:<\/strong> Edgar Bonilla Suarez \u2013 Santander.<\/p>\n<p><strong>\u00a0<\/strong><strong>Secretar\u00eda de Asuntos Educativos:<\/strong> Edgar Bonilla Suarez \u2013 Santander.<\/p>\n<p><strong>\u00a0<\/strong><strong>Secretar\u00eda de Formaci\u00f3n Profesional:<\/strong> Juan Sandoval Sotelo \u2013 Cundinamarca.<\/p>\n<p><strong>\u00a0<\/strong><strong>Secretar\u00eda de Asuntos Jur\u00eddicos:<\/strong> Fernando Bonilla S\u00e1nchez \u2013 Distrito Capital.<\/p>\n<p><strong>\u00a0<\/strong><strong>Secretar\u00eda de Asuntos Laborales y Salud:<\/strong> Esther Ram\u00edrez Guarnizo \u2013 Tolima.<\/p>\n<p><strong>\u00a0<\/strong><strong>Secretar\u00eda de Comunicaciones y Tics:<\/strong> Nallyver Magaly Moncaleano \u2013 Atl\u00e1ntico.<\/p>\t\t\t\t\t\t<\/div>\n\t\t\t\t<\/div>\n\t\t\t\t\t<\/div>\n\t\t<\/div>\n\t\t\t\t<div class=\"elementor-column elementor-col-50 elementor-inner-column elementor-element elementor-element-892bf15\" data-id=\"892bf15\" data-element_type=\"column\">\n\t\t\t<div class=\"elementor-widget-wrap elementor-element-populated\">\n\t\t\t\t\t\t<div class=\"elementor-element elementor-element-f5fcbe5 elementor-widget elementor-widget-text-editor\" data-id=\"f5fcbe5\" data-element_type=\"widget\" data-widget_type=\"text-editor.default\">\n\t\t\t\t<div class=\"elementor-widget-container\">\n\t\t\t\t\t\t\t<p>La nueva Junta Directiva Nacional de Unaltrasena, est\u00e1 comprometida activamente en su pol\u00edtica sindical de velar por los derechos laborales y profesionales de todos los funcionarios del Sena como tambi\u00e9n el de fomentar el di\u00e1logo social buscando fortalecer las condiciones laborales promoviendo la unidad de criterios y procedimientos tenientes a mejorar las condiciones de trabajo y la formaci\u00f3n profesional integral de toda la comunidad educativa.<\/p><p>Mediante la gesti\u00f3n sindical din\u00e1mica de Unaltrasena, se ha logrado una participaci\u00f3n importante en la transformaci\u00f3n educativa, posicion\u00e1ndose como la primera organizaci\u00f3n sindical veedora de la construcci\u00f3n permanente del proyecto educativo que permite la participaci\u00f3n activa sindical como compromiso con la educaci\u00f3n de alta calidad en la instituci\u00f3n.<\/p><p>La Nueva Junta Nacional de Unaltrasena con el apoyo de las subdirectivas, proyecta nuevas estrategias de gesti\u00f3n sindical ante la administraci\u00f3n del Sena con el prop\u00f3sito de fortalecer<\/p><p>constantemente el bienestar laboral de sus afiliados y el bienestar acad\u00e9mico de los aprendices<\/p><p>mediante acercamiento propositivo con la administraci\u00f3n general y regional identificando los aspectos a mejorar y la presentaci\u00f3n de soluciones efectivas y contundes.<\/p><p>Unaltrasena, busca que se garantice el derecho pleno de los trabajadores y la permanencia del Sena en el Pa\u00eds como una entidad de formaci\u00f3n profesional integral de alta calidad que permita a los colombianos formarse en labores productivas que respondan a las necesidades de los diferentes sectores econ\u00f3micos para una construcci\u00f3n moderna del sector productivo y social.<\/p>\t\t\t\t\t\t<\/div>\n\t\t\t\t<\/div>\n\t\t\t\t\t<\/div>\n\t\t<\/div>\n\t\t\t\t\t<\/div>\n\t\t<\/section>\n\t\t\t\t\t<\/div>\n\t\t<\/div>\n\t\t\t\t\t<\/div>\n\t\t<\/section>\n\t\t\t\t<\/div>\n\t\t","protected":false},"excerpt":{"rendered":"<p>Como parte de la din\u00e1mica que Unaltrasena viene desarrollando para fortalecer el bienestar institucional de sus afiliados y en la gesti\u00f3n activa frente a los procesos administrativos que la instituci\u00f3n presenta constantemente a toda la comunidad educativa, se acord\u00f3 una nueva junta directiva nacional conformada de la siguiente manera: Presidente JN Nacional: Oscar Calder\u00f3n Loaiza [&hellip;]<\/p>\n","protected":false},"author":4,"featured_media":1951,"comment_status":"closed","ping_status":"closed","sticky":false,"template":"","format":"standard","meta":{"om_disable_all_campaigns":false,"_monsterinsights_skip_tracking":false,"_monsterinsights_sitenote_active":false,"_monsterinsights_sitenote_note":"","_monsterinsights_sitenote_category":0,"footnotes":""},"categories":[1],"tags":[],"class_list":["post-1933","post","type-post","status-publish","format-standard","has-post-thumbnail","hentry","category-otros","entry","has-media"],"aioseo_notices":[],"_links":{"self":[{"href":"https:\/\/unaltrasena.com\/index.php\/wp-json\/wp\/v2\/posts\/1933","targetHints":{"allow":["GET"]}}],"collection":[{"href":"https:\/\/unaltrasena.com\/index.php\/wp-json\/wp\/v2\/posts"}],"about":[{"href":"https:\/\/unaltrasena.com\/index.php\/wp-json\/wp\/v2\/types\/post"}],"author":[{"embeddable":true,"href":"https:\/\/unaltrasena.com\/index.php\/wp-json\/wp\/v2\/users\/4"}],"replies":[{"embeddable":true,"href":"https:\/\/unaltrasena.com\/index.php\/wp-json\/wp\/v2\/comments?post=1933"}],"version-history":[{"count":5,"href":"https:\/\/unaltrasena.com\/index.php\/wp-json\/wp\/v2\/posts\/1933\/revisions"}],"predecessor-version":[{"id":1946,"href":"https:\/\/unaltrasena.com\/index.php\/wp-json\/wp\/v2\/posts\/1933\/revisions\/1946"}],"wp:featuredmedia":[{"embeddable":true,"href":"https:\/\/unaltrasena.com\/index.php\/wp-json\/wp\/v2\/media\/1951"}],"wp:attachment":[{"href":"https:\/\/unaltrasena.com\/index.php\/wp-json\/wp\/v2\/media?parent=1933"}],"wp:term":[{"taxonomy":"category","embeddable":true,"href":"https:\/\/unaltrasena.com\/index.php\/wp-json\/wp\/v2\/categories?post=1933"},{"taxonomy":"post_tag","embeddable":true,"href":"https:\/\/unaltrasena.com\/index.php\/wp-json\/wp\/v2\/tags?post=1933"}],"curies":[{"name":"wp","href":"https:\/\/api.w.org\/{rel}","templated":true}]}}