{"id":1993,"date":"2025-10-03T00:50:05","date_gmt":"2025-10-03T05:50:05","guid":{"rendered":"https:\/\/unaltrasena.com\/?p=1993"},"modified":"2025-10-03T01:15:00","modified_gmt":"2025-10-03T06:15:00","slug":"capacitacion-sindical-unaltrasena-acuerdo-colectivo-punto-9f-6","status":"publish","type":"post","link":"https:\/\/unaltrasena.com\/index.php\/2025\/10\/03\/capacitacion-sindical-unaltrasena-acuerdo-colectivo-punto-9f-6\/","title":{"rendered":"Capacitaci\u00f3n Sindical UNALTRASENA: Acuerdo Colectivo (Punto 9F.6)"},"content":{"rendered":"\t\t<div data-elementor-type=\"wp-post\" data-elementor-id=\"1993\" class=\"elementor elementor-1993\">\n\t\t\t\t\t\t<section class=\"elementor-section elementor-top-section elementor-element elementor-element-eecbaf4 elementor-section-boxed elementor-section-height-default elementor-section-height-default\" data-id=\"eecbaf4\" data-element_type=\"section\">\n\t\t\t\t\t\t<div class=\"elementor-container elementor-column-gap-default\">\n\t\t\t\t\t<div class=\"elementor-column elementor-col-100 elementor-top-column elementor-element elementor-element-e1cf5c0\" data-id=\"e1cf5c0\" data-element_type=\"column\">\n\t\t\t<div class=\"elementor-widget-wrap elementor-element-populated\">\n\t\t\t\t\t\t<section class=\"elementor-section elementor-inner-section elementor-element elementor-element-223b901 elementor-section-boxed elementor-section-height-default elementor-section-height-default\" data-id=\"223b901\" data-element_type=\"section\">\n\t\t\t\t\t\t<div class=\"elementor-container elementor-column-gap-default\">\n\t\t\t\t\t<div class=\"elementor-column elementor-col-50 elementor-inner-column elementor-element elementor-element-5c5c296\" data-id=\"5c5c296\" data-element_type=\"column\">\n\t\t\t<div class=\"elementor-widget-wrap elementor-element-populated\">\n\t\t\t\t\t\t<div class=\"elementor-element elementor-element-47c34dd elementor-widget elementor-widget-text-editor\" data-id=\"47c34dd\" data-element_type=\"widget\" data-widget_type=\"text-editor.default\">\n\t\t\t\t<div class=\"elementor-widget-container\">\n\t\t\t\t\t\t\t<p>En cumplimiento del <b>Acuerdo Colectivo<\/b> vigente, espec\u00edficamente el <b>punto 9F.6<\/b>, la organizaci\u00f3n sindical <b>UNALTRASENA<\/b> contin\u00faa avanzando en el fortalecimiento de la formaci\u00f3n de sus afiliados y trabajadores.<\/p><p>El pasado 21 y 22 de agosto, en la ciudad de <b>Pereira<\/b>, se desarroll\u00f3 una jornada de <b>capacitaci\u00f3n sindical UNALTRASENA<\/b>, en cumplimiento del <b>Acuerdo Colectivo, punto 9F.6<\/b>, que garantiza el derecho a la formaci\u00f3n de nuestros afiliados y dirigentes sindicales. En esta ocasi\u00f3n participaron los miembros de la <b>Junta Nacional<\/b>, as\u00ed como las subdirectivas <b>Cundinamarca<\/b> y <b>Distrito Capital<\/b>.<\/p><p>La <b>capacitaci\u00f3n sindical<\/b> es una herramienta fundamental para el ejercicio de nuestros derechos, el empoderamiento de la base trabajadora y la defensa de las garant\u00edas laborales alcanzadas en la mesa de negociaci\u00f3n. Gracias a este proceso, nuestras y nuestros compa\u00f1eros adquieren mayores competencias para la participaci\u00f3n activa en escenarios de concertaci\u00f3n, vigilancia y control social.<\/p><p>Reafirmamos que la <b>formaci\u00f3n sindical<\/b> no solo es un derecho conquistado, sino tambi\u00e9n un compromiso colectivo con la construcci\u00f3n de un <b>SENA<\/b> m\u00e1s democr\u00e1tico, transparente y al servicio de la clase trabajadora.<\/p><p>Durante la capacitaci\u00f3n se abordaron ejes tem\u00e1ticos fundamentales para el fortalecimiento del movimiento sindical, entre los que se destacan:<\/p><ul><li><p><b>Fundamentos b\u00e1sicos del sindicalismo en Colombia:<\/b> historia del movimiento sindical, principios y valores que lo sustentan.<\/p><\/li><li><p><b>Marco legal del derecho de asociaci\u00f3n sindical en Colombia<\/b>, como garant\u00eda constitucional y conquista hist\u00f3rica de la clase trabajadora.<\/p><\/li><li><p><b>Estructura y funciones de los sindicatos:<\/b> tipos de sindicatos, su organizaci\u00f3n interna, mecanismos de participaci\u00f3n democr\u00e1tica, y los roles y responsabilidades de los dirigentes.<\/p><\/li><\/ul>\t\t\t\t\t\t<\/div>\n\t\t\t\t<\/div>\n\t\t\t\t\t<\/div>\n\t\t<\/div>\n\t\t\t\t<div class=\"elementor-column elementor-col-50 elementor-inner-column elementor-element elementor-element-b77b070\" data-id=\"b77b070\" data-element_type=\"column\">\n\t\t\t<div class=\"elementor-widget-wrap elementor-element-populated\">\n\t\t\t\t\t\t<div class=\"elementor-element elementor-element-c462e69 elementor-widget elementor-widget-text-editor\" data-id=\"c462e69\" data-element_type=\"widget\" data-widget_type=\"text-editor.default\">\n\t\t\t\t<div class=\"elementor-widget-container\">\n\t\t\t\t\t\t\t<ul><li><p><b>Comunicaci\u00f3n sindical efectiva:<\/b> elaboraci\u00f3n de comunicados y boletines, uso de redes sociales y medios digitales, adem\u00e1s de t\u00e9cnicas de oratoria y presentaci\u00f3n p\u00fablica.<\/p><\/li><li><p><b>Igualdad de g\u00e9nero y no discriminaci\u00f3n:<\/b> derechos de las mujeres trabajadoras, prevenci\u00f3n y atenci\u00f3n de casos de acoso laboral y sexual, y promoci\u00f3n de la igualdad de oportunidades en el \u00e1mbito laboral.<\/p><\/li><\/ul><p>Asimismo, se desarroll\u00f3 un <b>taller de planeaci\u00f3n estrat\u00e9gica<\/b> con la <b>Junta Nacional<\/b> y las directivas, fortaleciendo las herramientas organizativas de nuestra uni\u00f3n sindical. La jornada tambi\u00e9n incluy\u00f3 actividades culturales, que resaltaron la riqueza del folclor del <b>Eje Cafetero<\/b> y promovieron la integraci\u00f3n entre compa\u00f1eros y compa\u00f1eras en un ambiente de fraternidad y solidaridad sindical.<\/p><p>Con esta capacitaci\u00f3n, <b>UNALTRASENA<\/b> reafirma que la formaci\u00f3n sindical no es solo un derecho conquistado, sino tambi\u00e9n una <b>herramienta estrat\u00e9gica<\/b> para avanzar en la unidad, organizaci\u00f3n y lucha sindical, en defensa de los derechos laborales y de un <b>SENA<\/b> m\u00e1s democr\u00e1tico y comprometido con los trabajadores.<\/p><p>Invitamos a todas y todos los afiliados a mantenerse atentos a las pr\u00f3ximas jornadas de capacitaci\u00f3n que <b>UNALTRASENA<\/b> estar\u00e1 organizando en desarrollo de este acuerdo, como parte de nuestro camino hacia la unidad, la organizaci\u00f3n y la lucha sindical.<\/p>\t\t\t\t\t\t<\/div>\n\t\t\t\t<\/div>\n\t\t\t\t\t<\/div>\n\t\t<\/div>\n\t\t\t\t\t<\/div>\n\t\t<\/section>\n\t\t\t\t\t<\/div>\n\t\t<\/div>\n\t\t\t\t\t<\/div>\n\t\t<\/section>\n\t\t\t\t<\/div>\n\t\t","protected":false},"excerpt":{"rendered":"<p>En cumplimiento del Acuerdo Colectivo vigente, espec\u00edficamente el punto 9F.6, la organizaci\u00f3n sindical UNALTRASENA contin\u00faa avanzando en el fortalecimiento de la formaci\u00f3n de sus afiliados y trabajadores. El pasado 21 y 22 de agosto, en la ciudad de Pereira, se desarroll\u00f3 una jornada de capacitaci\u00f3n sindical UNALTRASENA, en cumplimiento del Acuerdo Colectivo, punto 9F.6, que [&hellip;]<\/p>\n","protected":false},"author":1,"featured_media":1998,"comment_status":"open","ping_status":"open","sticky":false,"template":"","format":"standard","meta":{"om_disable_all_campaigns":false,"_monsterinsights_skip_tracking":false,"_monsterinsights_sitenote_active":false,"_monsterinsights_sitenote_note":"","_monsterinsights_sitenote_category":0,"footnotes":""},"categories":[1],"tags":[],"class_list":["post-1993","post","type-post","status-publish","format-standard","has-post-thumbnail","hentry","category-otros","entry","has-media"],"aioseo_notices":[],"_links":{"self":[{"href":"https:\/\/unaltrasena.com\/index.php\/wp-json\/wp\/v2\/posts\/1993","targetHints":{"allow":["GET"]}}],"collection":[{"href":"https:\/\/unaltrasena.com\/index.php\/wp-json\/wp\/v2\/posts"}],"about":[{"href":"https:\/\/unaltrasena.com\/index.php\/wp-json\/wp\/v2\/types\/post"}],"author":[{"embeddable":true,"href":"https:\/\/unaltrasena.com\/index.php\/wp-json\/wp\/v2\/users\/1"}],"replies":[{"embeddable":true,"href":"https:\/\/unaltrasena.com\/index.php\/wp-json\/wp\/v2\/comments?post=1993"}],"version-history":[{"count":4,"href":"https:\/\/unaltrasena.com\/index.php\/wp-json\/wp\/v2\/posts\/1993\/revisions"}],"predecessor-version":[{"id":1997,"href":"https:\/\/unaltrasena.com\/index.php\/wp-json\/wp\/v2\/posts\/1993\/revisions\/1997"}],"wp:featuredmedia":[{"embeddable":true,"href":"https:\/\/unaltrasena.com\/index.php\/wp-json\/wp\/v2\/media\/1998"}],"wp:attachment":[{"href":"https:\/\/unaltrasena.com\/index.php\/wp-json\/wp\/v2\/media?parent=1993"}],"wp:term":[{"taxonomy":"category","embeddable":true,"href":"https:\/\/unaltrasena.com\/index.php\/wp-json\/wp\/v2\/categories?post=1993"},{"taxonomy":"post_tag","embeddable":true,"href":"https:\/\/unaltrasena.com\/index.php\/wp-json\/wp\/v2\/tags?post=1993"}],"curies":[{"name":"wp","href":"https:\/\/api.w.org\/{rel}","templated":true}]}}