{"id":1999,"date":"2025-10-03T01:08:11","date_gmt":"2025-10-03T06:08:11","guid":{"rendered":"https:\/\/unaltrasena.com\/?p=1999"},"modified":"2025-10-09T09:47:32","modified_gmt":"2025-10-09T14:47:32","slug":"liderazgo-con-sentido-social-unaltrasena-cundinamarca-en-la-semana-de-la-inclusion","status":"publish","type":"post","link":"https:\/\/unaltrasena.com\/index.php\/2025\/10\/03\/liderazgo-con-sentido-social-unaltrasena-cundinamarca-en-la-semana-de-la-inclusion\/","title":{"rendered":"Liderazgo con Sentido Social: UNALTRASENA Cundinamarca en la Semana de la Inclusi\u00f3n"},"content":{"rendered":"\t\t<div data-elementor-type=\"wp-post\" data-elementor-id=\"1999\" class=\"elementor elementor-1999\">\n\t\t\t\t\t\t<section class=\"elementor-section elementor-top-section elementor-element elementor-element-811da0c elementor-section-boxed elementor-section-height-default elementor-section-height-default\" data-id=\"811da0c\" data-element_type=\"section\">\n\t\t\t\t\t\t<div class=\"elementor-container elementor-column-gap-default\">\n\t\t\t\t\t<div class=\"elementor-column elementor-col-100 elementor-top-column elementor-element elementor-element-12ce72b\" data-id=\"12ce72b\" data-element_type=\"column\">\n\t\t\t<div class=\"elementor-widget-wrap elementor-element-populated\">\n\t\t\t\t\t\t<section class=\"elementor-section elementor-inner-section elementor-element elementor-element-d0d4d93 elementor-section-boxed elementor-section-height-default elementor-section-height-default\" data-id=\"d0d4d93\" data-element_type=\"section\">\n\t\t\t\t\t\t<div class=\"elementor-container elementor-column-gap-default\">\n\t\t\t\t\t<div class=\"elementor-column elementor-col-50 elementor-inner-column elementor-element elementor-element-6dbd5bc\" data-id=\"6dbd5bc\" data-element_type=\"column\">\n\t\t\t<div class=\"elementor-widget-wrap elementor-element-populated\">\n\t\t\t\t\t\t<div class=\"elementor-element elementor-element-af84d65 elementor-widget elementor-widget-text-editor\" data-id=\"af84d65\" data-element_type=\"widget\" data-widget_type=\"text-editor.default\">\n\t\t\t\t<div class=\"elementor-widget-container\">\n\t\t\t\t\t\t\t<p>La Semana de la Inclusi\u00f3n en el SENA Cundinamarca fue un rotundo \u00e9xito, destacando la importancia vital del acompa\u00f1amiento sindical y la perspectiva humana en la formaci\u00f3n profesional. El evento, centrado en la inclusi\u00f3n de personas con discapacidad, cont\u00f3 con la participaci\u00f3n activa de la presidenta de la Subdirectiva Cundinamarca de UNALTRASENA, Claudia Cristina Mendes Villarruel.<\/p><p><strong>La Presencia Sindical como Sello Humano<\/strong><\/p><p>La presencia de nuestra presidenta, Claudia Mendes, no solo fue un acto protocolario, sino una clara muestra del lado humano de UNALTRASENA y su compromiso inquebrantable con los procesos de inclusi\u00f3n dentro de los centros de formaci\u00f3n.<\/p><p>En su intervenci\u00f3n, Claudia logr\u00f3 integrar de manera asertiva a toda la comunidad educativa, promoviendo un espacio de an\u00e1lisis profundo y valoraci\u00f3n de todas las personas, sin importar el tipo de discapacidad que puedan tener. Este tipo de liderazgo es fundamental para construir una cultura institucional verdaderamente inclusiva.<\/p>\t\t\t\t\t\t<\/div>\n\t\t\t\t<\/div>\n\t\t\t\t\t<\/div>\n\t\t<\/div>\n\t\t\t\t<div class=\"elementor-column elementor-col-50 elementor-inner-column elementor-element elementor-element-c26af90\" data-id=\"c26af90\" data-element_type=\"column\">\n\t\t\t<div class=\"elementor-widget-wrap elementor-element-populated\">\n\t\t\t\t\t\t<div class=\"elementor-element elementor-element-94443ef elementor-widget elementor-widget-text-editor\" data-id=\"94443ef\" data-element_type=\"widget\" data-widget_type=\"text-editor.default\">\n\t\t\t\t<div class=\"elementor-widget-container\">\n\t\t\t\t\t\t\t<p><strong>Historias de Superaci\u00f3n que Inspiran<\/strong><\/p><p>Uno de los momentos m\u00e1s inspiradores de la jornada fue la participaci\u00f3n de una aprendiz del SENA del Centro de Formaci\u00f3n de Ch\u00eda. Esta joven, que actualmente cursa un programa titulado a pesar de su discapacidad auditiva, comparti\u00f3 su experiencia y demostr\u00f3 que la barrera m\u00e1s grande es la falta de oportunidades, no la condici\u00f3n f\u00edsica o sensorial.<\/p><p>Su testimonio resalt\u00f3 el valor de la educaci\u00f3n inclusiva que imparte el SENA y la necesidad de continuar eliminando obst\u00e1culos para que todos los aprendices puedan desarrollar su potencial.<\/p><p>\u00a0<\/p><p><strong>La Inclusi\u00f3n es Tarea de Todos<\/strong><\/p><p>El acompa\u00f1amiento de la Subdirectiva Cundinamarca de UNALTRASENA, liderada por Claudia Mendes, es crucial, ya que subraya que la inclusi\u00f3n no es solo un requisito legal o administrativo, sino un principio \u00e9tico que debe permear todas las esferas de la vida institucional.\u00a0<\/p><p><span style=\"color: #000000; font-family: Calibri, sans-serif; font-size: 12pt; font-style: normal; font-variant-ligatures: normal; font-variant-caps: normal; font-weight: 400;\">Al participar en estos espacios, el sindicato reafirma su papel como vigilante y promotor de derechos, asegurando que el SENA no solo forme talento humano para el pa\u00eds, sino que lo haga desde una perspectiva de equidad y respeto por la diversidad. \u00a1Seguimos trabajando por un SENA y un pa\u00eds m\u00e1s inclusivo!<\/span><\/p><p>\u00a0<\/p>\t\t\t\t\t\t<\/div>\n\t\t\t\t<\/div>\n\t\t\t\t\t<\/div>\n\t\t<\/div>\n\t\t\t\t\t<\/div>\n\t\t<\/section>\n\t\t\t\t\t<\/div>\n\t\t<\/div>\n\t\t\t\t\t<\/div>\n\t\t<\/section>\n\t\t\t\t<\/div>\n\t\t","protected":false},"excerpt":{"rendered":"<p>La Semana de la Inclusi\u00f3n en el SENA Cundinamarca fue un rotundo \u00e9xito, destacando la importancia vital del acompa\u00f1amiento sindical y la perspectiva humana en la formaci\u00f3n profesional. El evento, centrado en la inclusi\u00f3n de personas con discapacidad, cont\u00f3 con la participaci\u00f3n activa de la presidenta de la Subdirectiva Cundinamarca de UNALTRASENA, Claudia Cristina Mendes [&hellip;]<\/p>\n","protected":false},"author":1,"featured_media":2003,"comment_status":"closed","ping_status":"closed","sticky":false,"template":"","format":"standard","meta":{"om_disable_all_campaigns":false,"_monsterinsights_skip_tracking":false,"_monsterinsights_sitenote_active":false,"_monsterinsights_sitenote_note":"","_monsterinsights_sitenote_category":0,"footnotes":""},"categories":[1],"tags":[],"class_list":["post-1999","post","type-post","status-publish","format-standard","has-post-thumbnail","hentry","category-otros","entry","has-media"],"aioseo_notices":[],"_links":{"self":[{"href":"https:\/\/unaltrasena.com\/index.php\/wp-json\/wp\/v2\/posts\/1999","targetHints":{"allow":["GET"]}}],"collection":[{"href":"https:\/\/unaltrasena.com\/index.php\/wp-json\/wp\/v2\/posts"}],"about":[{"href":"https:\/\/unaltrasena.com\/index.php\/wp-json\/wp\/v2\/types\/post"}],"author":[{"embeddable":true,"href":"https:\/\/unaltrasena.com\/index.php\/wp-json\/wp\/v2\/users\/1"}],"replies":[{"embeddable":true,"href":"https:\/\/unaltrasena.com\/index.php\/wp-json\/wp\/v2\/comments?post=1999"}],"version-history":[{"count":3,"href":"https:\/\/unaltrasena.com\/index.php\/wp-json\/wp\/v2\/posts\/1999\/revisions"}],"predecessor-version":[{"id":2002,"href":"https:\/\/unaltrasena.com\/index.php\/wp-json\/wp\/v2\/posts\/1999\/revisions\/2002"}],"wp:featuredmedia":[{"embeddable":true,"href":"https:\/\/unaltrasena.com\/index.php\/wp-json\/wp\/v2\/media\/2003"}],"wp:attachment":[{"href":"https:\/\/unaltrasena.com\/index.php\/wp-json\/wp\/v2\/media?parent=1999"}],"wp:term":[{"taxonomy":"category","embeddable":true,"href":"https:\/\/unaltrasena.com\/index.php\/wp-json\/wp\/v2\/categories?post=1999"},{"taxonomy":"post_tag","embeddable":true,"href":"https:\/\/unaltrasena.com\/index.php\/wp-json\/wp\/v2\/tags?post=1999"}],"curies":[{"name":"wp","href":"https:\/\/api.w.org\/{rel}","templated":true}]}}