{"id":2004,"date":"2025-10-03T01:18:00","date_gmt":"2025-10-03T06:18:00","guid":{"rendered":"https:\/\/unaltrasena.com\/?p=2004"},"modified":"2025-10-09T09:47:20","modified_gmt":"2025-10-09T14:47:20","slug":"unaltrasena-tiene-voz-en-copasst-regional-distrito-capital","status":"publish","type":"post","link":"https:\/\/unaltrasena.com\/index.php\/2025\/10\/03\/unaltrasena-tiene-voz-en-copasst-regional-distrito-capital\/","title":{"rendered":"Unaltrasena: Tiene Voz en Copasst Regional Distrito Capital"},"content":{"rendered":"\t\t<div data-elementor-type=\"wp-post\" data-elementor-id=\"2004\" class=\"elementor elementor-2004\">\n\t\t\t\t\t\t<section class=\"elementor-section elementor-top-section elementor-element elementor-element-5401a3f elementor-section-boxed elementor-section-height-default elementor-section-height-default\" data-id=\"5401a3f\" data-element_type=\"section\">\n\t\t\t\t\t\t<div class=\"elementor-container elementor-column-gap-default\">\n\t\t\t\t\t<div class=\"elementor-column elementor-col-100 elementor-top-column elementor-element elementor-element-f566585\" data-id=\"f566585\" data-element_type=\"column\">\n\t\t\t<div class=\"elementor-widget-wrap elementor-element-populated\">\n\t\t\t\t\t\t<section class=\"elementor-section elementor-inner-section elementor-element elementor-element-67d71b4 elementor-section-boxed elementor-section-height-default elementor-section-height-default\" data-id=\"67d71b4\" data-element_type=\"section\">\n\t\t\t\t\t\t<div class=\"elementor-container elementor-column-gap-default\">\n\t\t\t\t\t<div class=\"elementor-column elementor-col-50 elementor-inner-column elementor-element elementor-element-e84dc77\" data-id=\"e84dc77\" data-element_type=\"column\">\n\t\t\t<div class=\"elementor-widget-wrap elementor-element-populated\">\n\t\t\t\t\t\t<div class=\"elementor-element elementor-element-b192b82 elementor-widget elementor-widget-text-editor\" data-id=\"b192b82\" data-element_type=\"widget\" data-widget_type=\"text-editor.default\">\n\t\t\t\t<div class=\"elementor-widget-container\">\n\t\t\t\t\t\t\t<p>Velar por la prevenci\u00f3n y promoci\u00f3n de la Seguridad y Salud en el Trabajo se ha consolidado paulatinamente en un pilar en la gesti\u00f3n exitosa de las organizaciones contempor\u00e1neas. El SENA Regional Distrito Capital, ha adquirido este compromiso gracias a profesionales y referentes profesionales de Seguridad y salud en el Trabajo y miembros del COPASST, quienes con su esfuerzo y dedicaci\u00f3n visualizan no solo el cumplimiento de las normas, sino que impactan y gestionan avances en el desarrollo del prop\u00f3sito del grupo paritario. En todo este proceso, UNALTRASENA quiere destacar la labor desempe\u00f1ada por la afiliada Carolina T\u00e9llez Bedoya, integrante del Comit\u00e9 Paritario en la vigencia 2023-2025, quien actualmente se encuentra en su segundo periodo consecutivo como representante de los trabajadores, siendo en la actualidad, candidata para la vigencia 2025-2007, elecciones previstas para pr\u00f3ximo viernes 24 de octubre en un horario de 8:00 a.m. a 5:00 p.m. a trav\u00e9s de la plataforma Virtual \u2013 Plataforma ALISSTA.<\/p><p>El COPASST Regional Distrito Capital, en el marco del Decreto 1072 de 2015 y dem\u00e1s normatividad vigente, tiene el rol de vigilar, recomendar y proponer medidas correctivas fundamentadas en los hallazgos identificados en los centros de formaci\u00f3n de la Regional, tanto en sedes propias como en espacios arrendados o en comodato. Por otro lado, es la administraci\u00f3n de la entidad, la responsable de subsanar directamente los hallazgos, direccionar acciones de control, mitigaci\u00f3n y prevenci\u00f3n en aras de contribuir a la calidad de vida laboral de los funcionarios.<\/p>\t\t\t\t\t\t<\/div>\n\t\t\t\t<\/div>\n\t\t\t\t\t<\/div>\n\t\t<\/div>\n\t\t\t\t<div class=\"elementor-column elementor-col-50 elementor-inner-column elementor-element elementor-element-cd442f5\" data-id=\"cd442f5\" data-element_type=\"column\">\n\t\t\t<div class=\"elementor-widget-wrap elementor-element-populated\">\n\t\t\t\t\t\t<div class=\"elementor-element elementor-element-ffa21e4 elementor-widget elementor-widget-text-editor\" data-id=\"ffa21e4\" data-element_type=\"widget\" data-widget_type=\"text-editor.default\">\n\t\t\t\t<div class=\"elementor-widget-container\">\n\t\t\t\t\t\t\t<p>Y, es en este contexto donde la funcionaria Carolina T\u00e9llez Bedoya en el marco de sus compromisos como representante de los trabajadores al Copasst, se ha destacado por la identificaci\u00f3n de riesgos y oportunidades de mejora en los ambientes de trabajo durante las inspecciones peri\u00f3dicas, el recomendar acciones que faciliten la implementaci\u00f3n de medidas correctivas, el plantear acciones de mejora a las condiciones laborales con el prop\u00f3sito de fortalecer la seguridad y la salud de los trabajadores, el participar en la vigilancia del Sistema de Gesti\u00f3n de Seguridad y Salud en el Trabajo (SG-SST) de la regional, y, al colaborar en la investigaci\u00f3n de accidentes de trabajo y brindar sugerencias a fin de evitar la repetici\u00f3n de situaciones similares, entre los m\u00e1s relevantes.<\/p><p>Es en este sentido, que la gesti\u00f3n del Copasst ha facilitado espacios de di\u00e1logo entre los funcionarios y la administraci\u00f3n, en aras de contribuir en la cultura de prevenci\u00f3n y a fomentar el bienestar en los entornos de trabajo.<\/p><p>As\u00ed pues, UNALTRASENA invita a la comunidad de la Regional Distrito Capital a respaldar la postulaci\u00f3n de Carolina T\u00e9llez Bedoya como representante en el COPASST en la votaci\u00f3n del 24 de octubre, haciendo \u00e9nfasis en su dedicaci\u00f3n, experiencia y compromiso en la protecci\u00f3n de la seguridad y salud en el trabajo a partir del autocuidado y al reporte de situaciones de riesgo, de tal manera, que el levantar la mano oportunamente se coadyuva a la prevenci\u00f3n de accidentes de trabajo y la consolidaci\u00f3n de entornos laborales saludables.<\/p>\t\t\t\t\t\t<\/div>\n\t\t\t\t<\/div>\n\t\t\t\t\t<\/div>\n\t\t<\/div>\n\t\t\t\t\t<\/div>\n\t\t<\/section>\n\t\t\t\t\t<\/div>\n\t\t<\/div>\n\t\t\t\t\t<\/div>\n\t\t<\/section>\n\t\t\t\t<\/div>\n\t\t","protected":false},"excerpt":{"rendered":"<p>Velar por la prevenci\u00f3n y promoci\u00f3n de la Seguridad y Salud en el Trabajo se ha consolidado paulatinamente en un pilar en la gesti\u00f3n exitosa de las organizaciones contempor\u00e1neas. El SENA Regional Distrito Capital, ha adquirido este compromiso gracias a profesionales y referentes profesionales de Seguridad y salud en el Trabajo y miembros del COPASST, [&hellip;]<\/p>\n","protected":false},"author":1,"featured_media":2008,"comment_status":"closed","ping_status":"closed","sticky":false,"template":"","format":"standard","meta":{"om_disable_all_campaigns":false,"_monsterinsights_skip_tracking":false,"_monsterinsights_sitenote_active":false,"_monsterinsights_sitenote_note":"","_monsterinsights_sitenote_category":0,"footnotes":""},"categories":[1],"tags":[],"class_list":["post-2004","post","type-post","status-publish","format-standard","has-post-thumbnail","hentry","category-otros","entry","has-media"],"aioseo_notices":[],"_links":{"self":[{"href":"https:\/\/unaltrasena.com\/index.php\/wp-json\/wp\/v2\/posts\/2004","targetHints":{"allow":["GET"]}}],"collection":[{"href":"https:\/\/unaltrasena.com\/index.php\/wp-json\/wp\/v2\/posts"}],"about":[{"href":"https:\/\/unaltrasena.com\/index.php\/wp-json\/wp\/v2\/types\/post"}],"author":[{"embeddable":true,"href":"https:\/\/unaltrasena.com\/index.php\/wp-json\/wp\/v2\/users\/1"}],"replies":[{"embeddable":true,"href":"https:\/\/unaltrasena.com\/index.php\/wp-json\/wp\/v2\/comments?post=2004"}],"version-history":[{"count":3,"href":"https:\/\/unaltrasena.com\/index.php\/wp-json\/wp\/v2\/posts\/2004\/revisions"}],"predecessor-version":[{"id":2007,"href":"https:\/\/unaltrasena.com\/index.php\/wp-json\/wp\/v2\/posts\/2004\/revisions\/2007"}],"wp:featuredmedia":[{"embeddable":true,"href":"https:\/\/unaltrasena.com\/index.php\/wp-json\/wp\/v2\/media\/2008"}],"wp:attachment":[{"href":"https:\/\/unaltrasena.com\/index.php\/wp-json\/wp\/v2\/media?parent=2004"}],"wp:term":[{"taxonomy":"category","embeddable":true,"href":"https:\/\/unaltrasena.com\/index.php\/wp-json\/wp\/v2\/categories?post=2004"},{"taxonomy":"post_tag","embeddable":true,"href":"https:\/\/unaltrasena.com\/index.php\/wp-json\/wp\/v2\/tags?post=2004"}],"curies":[{"name":"wp","href":"https:\/\/api.w.org\/{rel}","templated":true}]}}