{"id":2069,"date":"2025-10-25T16:15:11","date_gmt":"2025-10-25T21:15:11","guid":{"rendered":"https:\/\/unaltrasena.com\/?p=2069"},"modified":"2025-12-08T23:13:51","modified_gmt":"2025-12-09T04:13:51","slug":"es-tu-momento-abierta-la-convocatoria-sena-para-descuentos-en-educacion-superior-impulsa-tu-futuro","status":"publish","type":"post","link":"https:\/\/unaltrasena.com\/index.php\/2025\/10\/25\/es-tu-momento-abierta-la-convocatoria-sena-para-descuentos-en-educacion-superior-impulsa-tu-futuro\/","title":{"rendered":"\u00a1Es Tu Momento! Abierta la Convocatoria SENA para Descuentos en Educaci\u00f3n Superior &#8211; \u00a1Impulsa tu Futuro! \ud83d\ude80"},"content":{"rendered":"\t\t<div data-elementor-type=\"wp-post\" data-elementor-id=\"2069\" class=\"elementor elementor-2069\">\n\t\t\t\t\t\t<section class=\"elementor-section elementor-top-section elementor-element elementor-element-7062b81 elementor-section-boxed elementor-section-height-default elementor-section-height-default\" data-id=\"7062b81\" data-element_type=\"section\">\n\t\t\t\t\t\t<div class=\"elementor-container elementor-column-gap-default\">\n\t\t\t\t\t<div class=\"elementor-column elementor-col-50 elementor-top-column elementor-element elementor-element-0d9f895\" data-id=\"0d9f895\" data-element_type=\"column\">\n\t\t\t<div class=\"elementor-widget-wrap elementor-element-populated\">\n\t\t\t\t\t\t<div class=\"elementor-element elementor-element-ad52f52 elementor-widget elementor-widget-text-editor\" data-id=\"ad52f52\" data-element_type=\"widget\" data-widget_type=\"text-editor.default\">\n\t\t\t\t<div class=\"elementor-widget-container\">\n\t\t\t\t\t\t\t<p>El <b>SENA<\/b> ha lanzado la convocatoria semestral para que sus <b>empleados p\u00fablicos, pensionados y sus beneficiarios<\/b> accedan a significativos <b>descuentos econ\u00f3micos<\/b> en matr\u00edculas de <b>Instituciones de Educaci\u00f3n Superior (IES)<\/b> aliadas. Esta es una oportunidad de oro para avanzar en tu formaci\u00f3n acad\u00e9mica o en la de tu familia.<\/p><p>La convocatoria est\u00e1 abierta desde el <b>22 de octubre hasta el 4 de noviembre de 2025<\/b> para el <b>primer semestre de 2026<\/b>. \u00a1No dejes pasar esta fecha l\u00edmite!<\/p><h2>\u00bfQui\u00e9nes Pueden Participar?<\/h2><p>Esta convocatoria est\u00e1 dirigida a la superaci\u00f3n y el bienestar del talento humano del SENA, incluyendo:<\/p><ul><li><p><b>Empleados P\u00fablicos<\/b> con nombramiento en <b>carrera administrativa<\/b> o de <b>libre nombramiento y remoci\u00f3n<\/b>.<\/p><\/li><li><p><b>Pensionados del SENA<\/b>.<\/p><\/li><li><p><b>Beneficiarios<\/b> del empleado p\u00fablico o pensionado, los cuales tienen la misma prelaci\u00f3n que los servidores p\u00fablicos:<\/p><ul><li><p><b>Hijos, hijastros o hijos de crianza<\/b>.<\/p><\/li><li><p><b>C\u00f3nyuge o compa\u00f1ero(a) permanente<\/b> (que no posea t\u00edtulo profesional universitario y que no tenga hijos y\/o hijastros).<\/p><\/li><\/ul><\/li><\/ul><p><b>Importante:<\/b> El orden de asignaci\u00f3n de beneficiarios es: carrera administrativa, libre nombramiento y remoci\u00f3n. Si quedan cupos, se asignar\u00e1n a empleados con nombramiento provisional.<\/p><h2>Descuentos y Cobertura: \u00a1Una Inversi\u00f3n en Conocimiento! \ud83d\udca1<\/h2><p>Los convenios de cooperaci\u00f3n t\u00e9cnica con las IES permiten a los participantes acceder a <b>descuentos econ\u00f3micos<\/b> sobre el valor de la matr\u00edcula. El porcentaje y los cupos var\u00edan seg\u00fan la universidad y el programa, cubriendo estudios de <b>pregrado o posgrado<\/b>.<\/p><p>Puedes consultar la lista completa de universidades y beneficios en el documento oficial de la circular.<\/p><hr \/><h2>Requisitos Clave para la Postulaci\u00f3n<\/h2><p>Para que tu solicitud sea considerada, deb\u00e9s cumplir integralmente con los siguientes puntos:<\/p><h3>Requisitos del Solicitante (Empleado P\u00fablico\/Pensionado)<\/h3><ul><li><p>Contar con al menos <b>un (1) a\u00f1o de servicio continuo<\/b> en el SENA.<\/p><\/li><li><p><b>No tener sanci\u00f3n disciplinaria vigente<\/b>.<\/p><\/li><li><p>Suscribir el <b>Formato GTH-F-145-V.03 y anexos<\/b>, manifestando bajo juramento la dependencia econ\u00f3mica y la integraci\u00f3n permanente del grupo familiar (cuando aplique).<\/p><\/li><li><p>Ser responsable por los costos de inscripci\u00f3n, admisi\u00f3n, y el excedente del pago de la matr\u00edcula despu\u00e9s del descuento.<\/p><\/li><li><p><b>No pagar la matr\u00edcula antes de que la IES aplique el descuento<\/b>, pues no habr\u00e1 reintegro.<\/p><\/li><\/ul>\t\t\t\t\t\t<\/div>\n\t\t\t\t<\/div>\n\t\t\t\t\t<\/div>\n\t\t<\/div>\n\t\t\t\t<div class=\"elementor-column elementor-col-50 elementor-top-column elementor-element elementor-element-8899aa5\" data-id=\"8899aa5\" data-element_type=\"column\">\n\t\t\t<div class=\"elementor-widget-wrap elementor-element-populated\">\n\t\t\t\t\t\t<div class=\"elementor-element elementor-element-9d7fca0 elementor-widget elementor-widget-text-editor\" data-id=\"9d7fca0\" data-element_type=\"widget\" data-widget_type=\"text-editor.default\">\n\t\t\t\t<div class=\"elementor-widget-container\">\n\t\t\t\t\t\t\t<p>equisitos del Beneficiario (Pregrado)<\/p><p>Aplica para hijos, hijastros hijos de crianza:<\/p><ul><li><p>Para continuidad, <b>no haber perdido materias en el semestre anterior<\/b> y mantener el promedio m\u00ednimo de aprobaci\u00f3n de la IES.<\/p><\/li><li><p><b>No haber sido beneficiario del auxilio educativo<\/b> durante la vigencia de la convocatoria.<\/p><\/li><li><p>El hijo, hijastro o hijo de crianza debe estar dentro del <b>rango de edad m\u00e1ximo de 25 a\u00f1os<\/b>.<\/p><\/li><li><p>Demostrar <b>dependencia econ\u00f3mica<\/b> e integraci\u00f3n permanente del grupo familiar (Formato GTH-F-145 V.03 anexos).<\/p><\/li><li><p>Aportar <b>Registro Civil de Nacimiento<\/b> y <b>certificaci\u00f3n de afiliaci\u00f3n al Sistema General de Seguridad Social en Salud<\/b> con fecha vigente actualizada.<\/p><\/li><\/ul><hr \/><h2>Procedimiento de Inscripci\u00f3n \ud83d\udcdd<\/h2><p>El proceso de postulaci\u00f3n se realiza en las siguientes fechas clave:<\/p><ol start=\"1\"><li><p><b>Inscripci\u00f3n:<\/b> Del <b>22 de octubre al 4 de noviembre de 2025<\/b> hasta las 5:00 p.m..<\/p><ul><li><p><b>Empleados P\u00fablicos:<\/b> Deben diligenciar el <b>&#8220;Formato \u00fanico solicitud Programa Educativo para Hijos de Funcionarios PREGRADO&#8221; (GTH -F-148 V.04)<\/b> en el enlace de Microsoft Forms indicado en la circular.<\/p><\/li><li><p><b>Pensionados:<\/b> Deben diligenciar el mismo formato <b>(GTH-F-148- V.04)<\/b> y presentarlo con soportes en un solo PDF ante la Coordinaci\u00f3n del Grupo de Gesti\u00f3n de Talento Humano de su Regional.<\/p><\/li><\/ul><\/li><li><p><b>An\u00e1lisis de Inscripciones:<\/b> Del 5 al 11 de noviembre de 2025.<\/p><\/li><li><p><b>Publicaci\u00f3n de Resultados:<\/b> Del 24 al 26 de noviembre de 2025.<\/p><\/li><\/ol><hr \/><h2>Unaltrasena Apoya la Formaci\u00f3n Continua: \u00a1Mejores Instructores para un Mejor SENA! \ud83e\udd1d<\/h2><p>El sindicato <b>Unaltrasena<\/b> ha manifestado su firme apoyo a esta convocatoria, reconociendo el valor de la <b>capacitaci\u00f3n y superaci\u00f3n constante<\/b> de los funcionarios. La mejora continua en el perfil acad\u00e9mico de los empleados no solo beneficia al individuo y su familia, sino que tambi\u00e9n eleva la calidad del servicio que el SENA presta a los aprendices del pa\u00eds.<\/p><p>&#8220;Impulsar la formaci\u00f3n de nuestros instructores y personal administrativo es vital. Un instructor mejor capacitado y con mayores oportunidades de superaci\u00f3n personal es un pilar fundamental para la <b>excelencia educativa<\/b> que el SENA representa. Esta convocatoria es un gran paso para que nuestros compa\u00f1eros, y sus familias, puedan acceder a una educaci\u00f3n superior de calidad y seguir creciendo profesionalmente,&#8221; es la opini\u00f3n compartida por l\u00edderes de Unaltrasena.<\/p><p>Esta iniciativa se alinea con el compromiso de tener instructores de excelencia, formados en las competencias b\u00e1sicas, pedag\u00f3gicas y t\u00e9cnicas necesarias para garantizar un adecuado proceso de aprendizaje.<\/p>\t\t\t\t\t\t<\/div>\n\t\t\t\t<\/div>\n\t\t\t\t\t<\/div>\n\t\t<\/div>\n\t\t\t\t\t<\/div>\n\t\t<\/section>\n\t\t\t\t<section class=\"elementor-section elementor-top-section elementor-element elementor-element-dee36a3 elementor-section-boxed elementor-section-height-default elementor-section-height-default\" data-id=\"dee36a3\" data-element_type=\"section\">\n\t\t\t\t\t\t<div class=\"elementor-container elementor-column-gap-default\">\n\t\t\t\t\t<div class=\"elementor-column elementor-col-100 elementor-top-column elementor-element elementor-element-0a05232\" data-id=\"0a05232\" data-element_type=\"column\">\n\t\t\t<div class=\"elementor-widget-wrap\">\n\t\t\t\t\t\t\t<\/div>\n\t\t<\/div>\n\t\t\t\t\t<\/div>\n\t\t<\/section>\n\t\t\t\t<\/div>\n\t\t","protected":false},"excerpt":{"rendered":"<p>El SENA ha lanzado la convocatoria semestral para que sus empleados p\u00fablicos, pensionados y sus beneficiarios accedan a significativos descuentos econ\u00f3micos en matr\u00edculas de Instituciones de Educaci\u00f3n Superior (IES) aliadas. Esta es una oportunidad de oro para avanzar en tu formaci\u00f3n acad\u00e9mica o en la de tu familia. La convocatoria est\u00e1 abierta desde el 22 [&hellip;]<\/p>\n","protected":false},"author":1,"featured_media":2074,"comment_status":"closed","ping_status":"closed","sticky":false,"template":"","format":"standard","meta":{"om_disable_all_campaigns":false,"_monsterinsights_skip_tracking":false,"_monsterinsights_sitenote_active":false,"_monsterinsights_sitenote_note":"","_monsterinsights_sitenote_category":0,"footnotes":""},"categories":[1],"tags":[],"class_list":["post-2069","post","type-post","status-publish","format-standard","has-post-thumbnail","hentry","category-otros","entry","has-media"],"aioseo_notices":[],"_links":{"self":[{"href":"https:\/\/unaltrasena.com\/index.php\/wp-json\/wp\/v2\/posts\/2069","targetHints":{"allow":["GET"]}}],"collection":[{"href":"https:\/\/unaltrasena.com\/index.php\/wp-json\/wp\/v2\/posts"}],"about":[{"href":"https:\/\/unaltrasena.com\/index.php\/wp-json\/wp\/v2\/types\/post"}],"author":[{"embeddable":true,"href":"https:\/\/unaltrasena.com\/index.php\/wp-json\/wp\/v2\/users\/1"}],"replies":[{"embeddable":true,"href":"https:\/\/unaltrasena.com\/index.php\/wp-json\/wp\/v2\/comments?post=2069"}],"version-history":[{"count":4,"href":"https:\/\/unaltrasena.com\/index.php\/wp-json\/wp\/v2\/posts\/2069\/revisions"}],"predecessor-version":[{"id":2073,"href":"https:\/\/unaltrasena.com\/index.php\/wp-json\/wp\/v2\/posts\/2069\/revisions\/2073"}],"wp:featuredmedia":[{"embeddable":true,"href":"https:\/\/unaltrasena.com\/index.php\/wp-json\/wp\/v2\/media\/2074"}],"wp:attachment":[{"href":"https:\/\/unaltrasena.com\/index.php\/wp-json\/wp\/v2\/media?parent=2069"}],"wp:term":[{"taxonomy":"category","embeddable":true,"href":"https:\/\/unaltrasena.com\/index.php\/wp-json\/wp\/v2\/categories?post=2069"},{"taxonomy":"post_tag","embeddable":true,"href":"https:\/\/unaltrasena.com\/index.php\/wp-json\/wp\/v2\/tags?post=2069"}],"curies":[{"name":"wp","href":"https:\/\/api.w.org\/{rel}","templated":true}]}}