{"id":2075,"date":"2025-10-27T08:22:30","date_gmt":"2025-10-27T13:22:30","guid":{"rendered":"https:\/\/unaltrasena.com\/?p=2075"},"modified":"2025-12-08T23:13:25","modified_gmt":"2025-12-09T04:13:25","slug":"relacionamiento-sindical-y-bienestar-laboral-un-desafio-de-equilibrio-en-la-gestion-publica","status":"publish","type":"post","link":"https:\/\/unaltrasena.com\/index.php\/2025\/10\/27\/relacionamiento-sindical-y-bienestar-laboral-un-desafio-de-equilibrio-en-la-gestion-publica\/","title":{"rendered":"Relacionamiento Sindical y Bienestar Laboral: Un Desaf\u00edo de Equilibrio en la Gesti\u00f3n P\u00fablica"},"content":{"rendered":"\t\t<div data-elementor-type=\"wp-post\" data-elementor-id=\"2075\" class=\"elementor elementor-2075\">\n\t\t\t\t\t\t<section class=\"elementor-section elementor-top-section elementor-element elementor-element-406654d elementor-section-boxed elementor-section-height-default elementor-section-height-default\" data-id=\"406654d\" data-element_type=\"section\">\n\t\t\t\t\t\t<div class=\"elementor-container elementor-column-gap-default\">\n\t\t\t\t\t<div class=\"elementor-column elementor-col-100 elementor-top-column elementor-element elementor-element-c480e0e\" data-id=\"c480e0e\" data-element_type=\"column\">\n\t\t\t<div class=\"elementor-widget-wrap elementor-element-populated\">\n\t\t\t\t\t\t<section class=\"elementor-section elementor-inner-section elementor-element elementor-element-107ed8a elementor-section-boxed elementor-section-height-default elementor-section-height-default\" data-id=\"107ed8a\" data-element_type=\"section\">\n\t\t\t\t\t\t<div class=\"elementor-container elementor-column-gap-default\">\n\t\t\t\t\t<div class=\"elementor-column elementor-col-50 elementor-inner-column elementor-element elementor-element-b538c64\" data-id=\"b538c64\" data-element_type=\"column\">\n\t\t\t<div class=\"elementor-widget-wrap elementor-element-populated\">\n\t\t\t\t\t\t<div class=\"elementor-element elementor-element-be15f13 elementor-widget elementor-widget-text-editor\" data-id=\"be15f13\" data-element_type=\"widget\" data-widget_type=\"text-editor.default\">\n\t\t\t\t<div class=\"elementor-widget-container\">\n\t\t\t\t\t\t\t<h4><b>La Vitalidad del Sindicalismo en la Gesti\u00f3n Organizacional<\/b><\/h4>\n<p>En la din\u00e1mica actual de las organizaciones, tanto privadas como p\u00fablicas, el relacionamiento sindical es un pilar fundamental para la gesti\u00f3n, el equilibrio laboral y la defensa de los derechos de los trabajadores. El sindicalismo en Colombia goza de un marco pol\u00edtico, normativo y social favorable que promueve una gesti\u00f3n m\u00e1s incluyente, garantizando derechos como la libertad sindical y la negociaci\u00f3n colectiva. Esto permite a los sindicatos participar activamente en la construcci\u00f3n de ambientes laborales justos y equitativos, como lo establece el Art\u00edculo 467 del C\u00f3digo Sustantivo del Trabajo.<\/p>\n<p><\/p>\n<h4><b>El Impacto Positivo y la Carga Operativa<\/b><\/h4>\n<p><\/p>\n<p>Las solicitudes de las organizaciones sindicales ejercen una presi\u00f3n positiva sobre la gesti\u00f3n p\u00fablica. Act\u00faan como veedores, promueven el di\u00e1logo constructivo y, en entidades como el SENA, garantizan que la comunidad educativa obtenga respuestas y beneficios de manera r\u00e1pida y efectiva.<\/p>\n<p>Sin embargo, esta presi\u00f3n y el volumen de respuestas requeridas tienen una doble cara. A menudo, incrementan significativamente la carga operativa de directores y jefes de \u00e1rea, oblig\u00e1ndolos a gestionar m\u00faltiples solicitudes y tr\u00e1mites con tiempos limitados. Esta sobrecarga puede traducirse en jornadas extensas, estr\u00e9s acumulado y ansiedad, al tener que cumplir simult\u00e1neamente con las expectativas institucionales, las demandas sindicales y el desarrollo de sus tareas cotidianas.<\/p>\n<p>Parad\u00f3jicamente, la misma gesti\u00f3n que busca fortalecer la transparencia y el di\u00e1logo puede profundizar el desgaste emocional de quienes lideran los procesos dentro de la organizaci\u00f3n.<\/p><h4><b>El C\u00edrculo Vicioso del Agotamiento y el Deterioro Organizacional<\/b><\/h4><p>&nbsp;<span style=\"font-size: 14px;\">Es crucial entender que la salud mental de los directores y jefes no es un aspecto aislado; est\u00e1 directamente ligada al bienestar socioemocional de todos los colaboradores.<\/span><\/p><p>Cuando estos l\u00edderes experimentan agotamiento, la calidad de la atenci\u00f3n y la gesti\u00f3n que brindan a sus equipos se deteriora, generando un c\u00edrculo vicioso donde la productividad y el clima organizacional se ven afectados negativamente. Por ello, se hace indispensable analizar c\u00f3mo las demandas sindicales se articulan con la capacidad real de respuesta del personal, evitando que la b\u00fasqueda de equidad laboral se convierta en una fuente de estr\u00e9s desproporcionado para los cargos de liderazgo.<\/p>\t\t\t\t\t\t<\/div>\n\t\t\t\t<\/div>\n\t\t\t\t\t<\/div>\n\t\t<\/div>\n\t\t\t\t<div class=\"elementor-column elementor-col-50 elementor-inner-column elementor-element elementor-element-a997f06\" data-id=\"a997f06\" data-element_type=\"column\">\n\t\t\t<div class=\"elementor-widget-wrap elementor-element-populated\">\n\t\t\t\t\t\t<div class=\"elementor-element elementor-element-ceab49f elementor-widget elementor-widget-text-editor\" data-id=\"ceab49f\" data-element_type=\"widget\" data-widget_type=\"text-editor.default\">\n\t\t\t\t<div class=\"elementor-widget-container\">\n\t\t\t\t\t\t\t<h4><b>Hacia una Gesti\u00f3n Sindical Sostenible y Consciente<\/b><\/h4><p>La institucionalidad debe esforzarse por promover un equilibrio que garantice la atenci\u00f3n oportuna de los requerimientos sindicales sin imponer cargas desproporcionadas. Esto requiere:<\/p><ol start=\"1\"><li><p><b>Dise\u00f1ar Protocolos Claros:<\/b> Establecer mecanismos y canales de comunicaci\u00f3n que permitan planificar y organizar las respuestas de manera eficiente.<\/p><\/li><li><p><b>Distribuci\u00f3n de Responsabilidades:<\/b> Asegurar una repartici\u00f3n equitativa para que la gesti\u00f3n no recaiga solo en unos pocos.<\/p><\/li><li><p><b>Fomentar el Di\u00e1logo:<\/b> Crear espacios de conversaci\u00f3n que permitan entender y abordar las limitaciones de tiempo y recursos.<\/p><\/li><\/ol><p>Solo mediante esta gesti\u00f3n integral ser\u00e1 posible asegurar que la actividad sindical, esencial para la democracia en el trabajo, no se convierta en una fuente de afectaci\u00f3n para la salud de quienes sustentan los procesos misionales.<\/p><p>\u00a0<\/p><h4><b>La Salud Mental como Prioridad Sindical y Organizacional<\/b><\/h4><p>\u00a0<\/p><p>Es esencial visibilizar y sensibilizar sobre la importancia del cuidado mental en todos los niveles. Las pol\u00edticas p\u00fablicas y sindicales deben incluir medidas de prevenci\u00f3n y apoyo psicol\u00f3gico, tal como lo exige la <b>Resoluci\u00f3n 2404 de 2019<\/b> del Ministerio de Trabajo, que obliga a evaluar los factores de riesgo psicosocial.<\/p><p>En este sentido, las organizaciones sindicales tambi\u00e9n est\u00e1n llamadas a validar las necesidades de todos los niveles \u2014asistencial, operativo, profesional, instructor y directivo\u2014, reconociendo el derecho a la desconexi\u00f3n laboral y la prevenci\u00f3n del estr\u00e9s laboral.<\/p><p><b>En conclusi\u00f3n:<\/b> Si bien el relacionamiento sindical es vital para la participaci\u00f3n y la defensa de derechos, se hace urgente construir mecanismos que permitan una gesti\u00f3n m\u00e1s humana y consciente. El bienestar de todos los actores organizacionales debe ser considerado la base para una labor institucional sostenible y justa.<\/p>\t\t\t\t\t\t<\/div>\n\t\t\t\t<\/div>\n\t\t\t\t\t<\/div>\n\t\t<\/div>\n\t\t\t\t\t<\/div>\n\t\t<\/section>\n\t\t\t\t\t<\/div>\n\t\t<\/div>\n\t\t\t\t\t<\/div>\n\t\t<\/section>\n\t\t\t\t<\/div>\n\t\t","protected":false},"excerpt":{"rendered":"<p>La Vitalidad del Sindicalismo en la Gesti\u00f3n Organizacional En la din\u00e1mica actual de las organizaciones, tanto privadas como p\u00fablicas, el relacionamiento sindical es un pilar fundamental para la gesti\u00f3n, el equilibrio laboral y la defensa de los derechos de los trabajadores. El sindicalismo en Colombia goza de un marco pol\u00edtico, normativo y social favorable que [&hellip;]<\/p>\n","protected":false},"author":3,"featured_media":2080,"comment_status":"closed","ping_status":"closed","sticky":false,"template":"","format":"standard","meta":{"om_disable_all_campaigns":false,"_monsterinsights_skip_tracking":false,"_monsterinsights_sitenote_active":false,"_monsterinsights_sitenote_note":"","_monsterinsights_sitenote_category":0,"footnotes":""},"categories":[1],"tags":[],"class_list":["post-2075","post","type-post","status-publish","format-standard","has-post-thumbnail","hentry","category-otros","entry","has-media"],"aioseo_notices":[],"_links":{"self":[{"href":"https:\/\/unaltrasena.com\/index.php\/wp-json\/wp\/v2\/posts\/2075","targetHints":{"allow":["GET"]}}],"collection":[{"href":"https:\/\/unaltrasena.com\/index.php\/wp-json\/wp\/v2\/posts"}],"about":[{"href":"https:\/\/unaltrasena.com\/index.php\/wp-json\/wp\/v2\/types\/post"}],"author":[{"embeddable":true,"href":"https:\/\/unaltrasena.com\/index.php\/wp-json\/wp\/v2\/users\/3"}],"replies":[{"embeddable":true,"href":"https:\/\/unaltrasena.com\/index.php\/wp-json\/wp\/v2\/comments?post=2075"}],"version-history":[{"count":4,"href":"https:\/\/unaltrasena.com\/index.php\/wp-json\/wp\/v2\/posts\/2075\/revisions"}],"predecessor-version":[{"id":2079,"href":"https:\/\/unaltrasena.com\/index.php\/wp-json\/wp\/v2\/posts\/2075\/revisions\/2079"}],"wp:featuredmedia":[{"embeddable":true,"href":"https:\/\/unaltrasena.com\/index.php\/wp-json\/wp\/v2\/media\/2080"}],"wp:attachment":[{"href":"https:\/\/unaltrasena.com\/index.php\/wp-json\/wp\/v2\/media?parent=2075"}],"wp:term":[{"taxonomy":"category","embeddable":true,"href":"https:\/\/unaltrasena.com\/index.php\/wp-json\/wp\/v2\/categories?post=2075"},{"taxonomy":"post_tag","embeddable":true,"href":"https:\/\/unaltrasena.com\/index.php\/wp-json\/wp\/v2\/tags?post=2075"}],"curies":[{"name":"wp","href":"https:\/\/api.w.org\/{rel}","templated":true}]}}