{"id":2134,"date":"2025-10-30T15:16:40","date_gmt":"2025-10-30T20:16:40","guid":{"rendered":"https:\/\/unaltrasena.com\/?p=2134"},"modified":"2025-10-30T15:56:21","modified_gmt":"2025-10-30T20:56:21","slug":"el-campo-colombiano-se-transforma-campesena-impulsa-la-modernizacion-de-la-formacion-sena","status":"publish","type":"post","link":"https:\/\/unaltrasena.com\/index.php\/2025\/10\/30\/el-campo-colombiano-se-transforma-campesena-impulsa-la-modernizacion-de-la-formacion-sena\/","title":{"rendered":"\u00a1El Campo Colombiano se Transforma! Campesena Impulsa la Modernizaci\u00f3n de la Formaci\u00f3n SENA"},"content":{"rendered":"\t\t<div data-elementor-type=\"wp-post\" data-elementor-id=\"2134\" class=\"elementor elementor-2134\">\n\t\t\t\t\t\t<section class=\"elementor-section elementor-top-section elementor-element elementor-element-2fd5d5e elementor-section-boxed elementor-section-height-default elementor-section-height-default\" data-id=\"2fd5d5e\" data-element_type=\"section\">\n\t\t\t\t\t\t<div class=\"elementor-container elementor-column-gap-default\">\n\t\t\t\t\t<div class=\"elementor-column elementor-col-100 elementor-top-column elementor-element elementor-element-39770f7\" data-id=\"39770f7\" data-element_type=\"column\">\n\t\t\t<div class=\"elementor-widget-wrap elementor-element-populated\">\n\t\t\t\t\t\t<section class=\"elementor-section elementor-inner-section elementor-element elementor-element-dc5e2c9 elementor-section-boxed elementor-section-height-default elementor-section-height-default\" data-id=\"dc5e2c9\" data-element_type=\"section\">\n\t\t\t\t\t\t<div class=\"elementor-container elementor-column-gap-default\">\n\t\t\t\t\t<div class=\"elementor-column elementor-col-50 elementor-inner-column elementor-element elementor-element-53de5e4\" data-id=\"53de5e4\" data-element_type=\"column\">\n\t\t\t<div class=\"elementor-widget-wrap elementor-element-populated\">\n\t\t\t\t\t\t<div class=\"elementor-element elementor-element-d4dfb94 elementor-widget elementor-widget-text-editor\" data-id=\"d4dfb94\" data-element_type=\"widget\" data-widget_type=\"text-editor.default\">\n\t\t\t\t<div class=\"elementor-widget-container\">\n\t\t\t\t\t\t\t<p>El <strong>Servicio Nacional de Aprendizaje (SENA)<\/strong> reafirma su compromiso con el desarrollo rural del pa\u00eds a trav\u00e9s de la poderosa estrategia <strong>Campesena<\/strong>. Esta iniciativa es el motor de una ambiciosa modernizaci\u00f3n de la formaci\u00f3n agropecuaria, dise\u00f1ada para inyectar recursos, tecnolog\u00eda y conocimiento directamente en el coraz\u00f3n productivo de Colombia.<\/p><p>Hist\u00f3ricamente el SENA ha tenido diferentes programas que buscan apoyar y fortalecer el sector rural en Colombia\u00a0\u00a0desde el programa de Promoci\u00f3n Profesional Popular Rural en <mark class=\"HxTRcb\">1970<\/mark>\u00a0y el de Capacitaci\u00f3n para la Participaci\u00f3n Campesina (CAPACA) en los 80, pero el programa\u00a0<strong class=\"Yjhzub\"><a class=\"GI370e\" href=\"https:\/\/www.google.com\/search?q=SENA+Emprende+Rural+%28SER%29&amp;sca_esv=06cba65d2b452210&amp;sxsrf=AE3TifOjbGodeC_ia3HqiRlgtxODp7LtKA%3A1761856333662&amp;ei=TcsDadCbKI2ZwbkPvYi72AI&amp;ved=2ahUKEwi-69Gq4syQAxXuSjABHZnALI4QgK4QegQIARAC&amp;uact=5&amp;oq=cuantos+a%C3%B1os+lleva+el+programa+rural+del+sena+&amp;gs_lp=Egxnd3Mtd2l6LXNlcnAiL2N1YW50b3MgYcOxb3MgbGxldmEgZWwgcHJvZ3JhbWEgcnVyYWwgZGVsIHNlbmEgMgUQIRigAUjCHVD9BVjuHHAFeAGQAQCYAcIBoAGCDaoBBDAuMTK4AQPIAQD4AQGYAhGgArQNwgIKEAAYRxjWBBiwA8ICBxAjGLACGCfCAggQABiABBiiBMICBRAAGO8FwgIHECEYChigAcICBBAhGBXCAgUQIRifBZgDAIgGAZAGCJIHBDUuMTKgB-ApsgcEMC4xMrgHow3CBwYzLjEyLjLIBxs&amp;sclient=gws-wiz-serp&amp;mstk=AUtExfB6EB2A_MqKV16KK5P-iaDoTZpkxu7h-pJvDsB5Xj23IMYtHK9PBbNfLRPRdzfCzGKoER5a-erWihZYifbxhKCD-UsLiW8FNTtv2D8Rydh-hKiajg5NBpIBrghH2Klwb0nTYxs4ONVH6F-loBQAUAeGJQ38GpVmrH142YKTTubI2THmZpaUVQPPuhAQLj9gnATpcoXh4T7maahdAUynMOudszprMVjTeaXPLPlyp0IzzemRmOt-9o5pCqaTqKky5VwvrFD_Sjl8B00XK7KnCqZj&amp;csui=3\" data-wiz-uids=\"QPtBle_d\" data-ved=\"2ahUKEwi-69Gq4syQAxXuSjABHZnALI4QgK4QegQIARAC\" data-hveid=\"CAEQAg\">SENA Emprende Rural (SER)<\/a><\/strong>, que es uno de los programas rurales m\u00e1s recientes y conocidos, comenz\u00f3 en\u00a0<strong class=\"Yjhzub\">2005.<\/strong><\/p><ul class=\"KsbFXc U6u95\" data-processed=\"true\"><li data-hveid=\"CAMQAA\"><span class=\"T286Pc\" data-sfc-cp=\"\"><strong class=\"Yjhzub\">1970:<\/strong>\u00a0Se crea el programa\u00a0<a class=\"GI370e\" href=\"https:\/\/www.google.com\/search?q=Promoci%C3%B3n+Profesional+Popular+Rural&amp;sca_esv=06cba65d2b452210&amp;sxsrf=AE3TifOjbGodeC_ia3HqiRlgtxODp7LtKA%3A1761856333662&amp;ei=TcsDadCbKI2ZwbkPvYi72AI&amp;ved=2ahUKEwi-69Gq4syQAxXuSjABHZnALI4QgK4QegQIAxAB&amp;uact=5&amp;oq=cuantos+a%C3%B1os+lleva+el+programa+rural+del+sena+&amp;gs_lp=Egxnd3Mtd2l6LXNlcnAiL2N1YW50b3MgYcOxb3MgbGxldmEgZWwgcHJvZ3JhbWEgcnVyYWwgZGVsIHNlbmEgMgUQIRigAUjCHVD9BVjuHHAFeAGQAQCYAcIBoAGCDaoBBDAuMTK4AQPIAQD4AQGYAhGgArQNwgIKEAAYRxjWBBiwA8ICBxAjGLACGCfCAggQABiABBiiBMICBRAAGO8FwgIHECEYChigAcICBBAhGBXCAgUQIRifBZgDAIgGAZAGCJIHBDUuMTKgB-ApsgcEMC4xMrgHow3CBwYzLjEyLjLIBxs&amp;sclient=gws-wiz-serp&amp;mstk=AUtExfB6EB2A_MqKV16KK5P-iaDoTZpkxu7h-pJvDsB5Xj23IMYtHK9PBbNfLRPRdzfCzGKoER5a-erWihZYifbxhKCD-UsLiW8FNTtv2D8Rydh-hKiajg5NBpIBrghH2Klwb0nTYxs4ONVH6F-loBQAUAeGJQ38GpVmrH142YKTTubI2THmZpaUVQPPuhAQLj9gnATpcoXh4T7maahdAUynMOudszprMVjTeaXPLPlyp0IzzemRmOt-9o5pCqaTqKky5VwvrFD_Sjl8B00XK7KnCqZj&amp;csui=3\" data-wiz-uids=\"QPtBle_1u\" data-ved=\"2ahUKEwi-69Gq4syQAxXuSjABHZnALI4QgK4QegQIAxAB\" data-hveid=\"CAMQAQ\">Promoci\u00f3n Profesional Popular Rural<\/a>, enfocado en la parte agropecuaria.<\/span><\/li><li data-hveid=\"CAMQAg\"><span class=\"T286Pc\" data-sfc-cp=\"\"><strong class=\"Yjhzub\">A\u00f1os 80:<\/strong>\u00a0Surge el programa\u00a0<a class=\"GI370e\" href=\"https:\/\/www.google.com\/search?q=Capacitaci%C3%B3n+para+la+Participaci%C3%B3n+Campesina+%28CAPACA%29&amp;sca_esv=06cba65d2b452210&amp;sxsrf=AE3TifOjbGodeC_ia3HqiRlgtxODp7LtKA%3A1761856333662&amp;ei=TcsDadCbKI2ZwbkPvYi72AI&amp;ved=2ahUKEwi-69Gq4syQAxXuSjABHZnALI4QgK4QegQIAxAD&amp;uact=5&amp;oq=cuantos+a%C3%B1os+lleva+el+programa+rural+del+sena+&amp;gs_lp=Egxnd3Mtd2l6LXNlcnAiL2N1YW50b3MgYcOxb3MgbGxldmEgZWwgcHJvZ3JhbWEgcnVyYWwgZGVsIHNlbmEgMgUQIRigAUjCHVD9BVjuHHAFeAGQAQCYAcIBoAGCDaoBBDAuMTK4AQPIAQD4AQGYAhGgArQNwgIKEAAYRxjWBBiwA8ICBxAjGLACGCfCAggQABiABBiiBMICBRAAGO8FwgIHECEYChigAcICBBAhGBXCAgUQIRifBZgDAIgGAZAGCJIHBDUuMTKgB-ApsgcEMC4xMrgHow3CBwYzLjEyLjLIBxs&amp;sclient=gws-wiz-serp&amp;mstk=AUtExfB6EB2A_MqKV16KK5P-iaDoTZpkxu7h-pJvDsB5Xj23IMYtHK9PBbNfLRPRdzfCzGKoER5a-erWihZYifbxhKCD-UsLiW8FNTtv2D8Rydh-hKiajg5NBpIBrghH2Klwb0nTYxs4ONVH6F-loBQAUAeGJQ38GpVmrH142YKTTubI2THmZpaUVQPPuhAQLj9gnATpcoXh4T7maahdAUynMOudszprMVjTeaXPLPlyp0IzzemRmOt-9o5pCqaTqKky5VwvrFD_Sjl8B00XK7KnCqZj&amp;csui=3\" data-wiz-uids=\"QPtBle_1y\" data-ved=\"2ahUKEwi-69Gq4syQAxXuSjABHZnALI4QgK4QegQIAxAD\" data-hveid=\"CAMQAw\">Capacitaci\u00f3n para la Participaci\u00f3n Campesina (CAPACA)<\/a>, centrado en el desarrollo comunitario y la participaci\u00f3n de los campesinos, como documenta este PDF de Sena.edu.co.<\/span><\/li><li data-hveid=\"CAMQBA\"><span class=\"T286Pc\" data-sfc-cp=\"\"><strong class=\"Yjhzub\">2004-2013:<\/strong>\u00a0El programa\u00a0<a class=\"GI370e\" href=\"https:\/\/www.google.com\/search?q=J%C3%B3venes+Rurales+Emprendedores&amp;sca_esv=06cba65d2b452210&amp;sxsrf=AE3TifOjbGodeC_ia3HqiRlgtxODp7LtKA%3A1761856333662&amp;ei=TcsDadCbKI2ZwbkPvYi72AI&amp;ved=2ahUKEwi-69Gq4syQAxXuSjABHZnALI4QgK4QegQIAxAF&amp;uact=5&amp;oq=cuantos+a%C3%B1os+lleva+el+programa+rural+del+sena+&amp;gs_lp=Egxnd3Mtd2l6LXNlcnAiL2N1YW50b3MgYcOxb3MgbGxldmEgZWwgcHJvZ3JhbWEgcnVyYWwgZGVsIHNlbmEgMgUQIRigAUjCHVD9BVjuHHAFeAGQAQCYAcIBoAGCDaoBBDAuMTK4AQPIAQD4AQGYAhGgArQNwgIKEAAYRxjWBBiwA8ICBxAjGLACGCfCAggQABiABBiiBMICBRAAGO8FwgIHECEYChigAcICBBAhGBXCAgUQIRifBZgDAIgGAZAGCJIHBDUuMTKgB-ApsgcEMC4xMrgHow3CBwYzLjEyLjLIBxs&amp;sclient=gws-wiz-serp&amp;mstk=AUtExfB6EB2A_MqKV16KK5P-iaDoTZpkxu7h-pJvDsB5Xj23IMYtHK9PBbNfLRPRdzfCzGKoER5a-erWihZYifbxhKCD-UsLiW8FNTtv2D8Rydh-hKiajg5NBpIBrghH2Klwb0nTYxs4ONVH6F-loBQAUAeGJQ38GpVmrH142YKTTubI2THmZpaUVQPPuhAQLj9gnATpcoXh4T7maahdAUynMOudszprMVjTeaXPLPlyp0IzzemRmOt-9o5pCqaTqKky5VwvrFD_Sjl8B00XK7KnCqZj&amp;csui=3\" data-wiz-uids=\"QPtBle_22\" data-ved=\"2ahUKEwi-69Gq4syQAxXuSjABHZnALI4QgK4QegQIAxAF\" data-hveid=\"CAMQBQ\">J\u00f3venes Rurales Emprendedores<\/a>\u00a0se ejecut\u00f3 con el objetivo de fomentar la creaci\u00f3n de peque\u00f1as empresas en el campo, seg\u00fan\u00a0<a class=\"H23r4e\" href=\"https:\/\/www.oitcinterfor.org\/experiencia\/programa-j%C3%B3venes-rurales-emprendedores-sena-colombia\" target=\"_blank\" rel=\"noopener\">la p\u00e1gina de OIT\/Cinterfor<\/a>.<\/span><\/li><li data-hveid=\"CAMQBw\"><span class=\"T286Pc\" data-sfc-cp=\"\"><strong class=\"Yjhzub\">2005:<\/strong>\u00a0Se lanza el programa SENA Emprende Rural (SER) para apoyar el emprendimiento de la poblaci\u00f3n rural de manera flexible, seg\u00fan un comunicado de prensa de\u00a0<a class=\"H23r4e\" href=\"https:\/\/www.sena.edu.co\/es-co\/Noticias\/Paginas\/noticia.aspx?IdNoticia=5004\" target=\"_blank\" rel=\"noopener\">Sena.edu.co<\/a>.<\/span><span class=\"uJ19be notranslate\" data-wiz-uids=\"QPtBle_28,QPtBle_29\"><span class=\"vKEkVd\" data-animation-atomic=\"\">\u00a0<\/span><\/span><\/li><\/ul><p>Campesena tiene una visi\u00f3n clara: dotar a los trabajadores, emprendedores y comunidades rurales de las herramientas y la capacitaci\u00f3n de vanguardia para garantizar una producci\u00f3n <strong>eficiente, sostenible y adaptada<\/strong> a los desaf\u00edos y oportunidades del siglo XXI.<\/p><p>Esta modernizaci\u00f3n se traduce en una inversi\u00f3n significativa para:<\/p><ul><li><strong>Adquisici\u00f3n de Equipos:<\/strong> Incorporaci\u00f3n de <strong>maquinaria y tecnolog\u00eda de \u00faltima generaci\u00f3n<\/strong> para simular procesos productivos modernos.<\/li><li><strong>Adecuaci\u00f3n de Centros:<\/strong> Transformaci\u00f3n de ambientes de aprendizaje que reflejen las exigencias de la agricultura y la ganader\u00eda industrializada y sostenible.<\/li><li><strong>Formaci\u00f3n Pertinente:<\/strong> Desarrollo de programas que responden a las tendencias globales y a las necesidades espec\u00edficas de las cadenas productivas regionales.<\/li><\/ul>\t\t\t\t\t\t<\/div>\n\t\t\t\t<\/div>\n\t\t\t\t\t<\/div>\n\t\t<\/div>\n\t\t\t\t<div class=\"elementor-column elementor-col-50 elementor-inner-column elementor-element elementor-element-d2a9fb0\" data-id=\"d2a9fb0\" data-element_type=\"column\">\n\t\t\t<div class=\"elementor-widget-wrap elementor-element-populated\">\n\t\t\t\t\t\t<div class=\"elementor-element elementor-element-3e10c8b elementor-widget elementor-widget-text-editor\" data-id=\"3e10c8b\" data-element_type=\"widget\" data-widget_type=\"text-editor.default\">\n\t\t\t\t<div class=\"elementor-widget-container\">\n\t\t\t\t\t\t\t<p>Con estas acciones, el SENA asegura que la formaci\u00f3n impartida sea <strong>de la m\u00e1s alta calidad y relevancia<\/strong>, impulsando el desarrollo socioecon\u00f3mico en cada rinc\u00f3n del campo.<\/p><p>El sindicato <strong>UNALTRASENA<\/strong> ha manifestado su respaldo a la estrategia Campesena, pero con un enfoque en la responsabilidad y la proyecci\u00f3n a largo plazo:<\/p><ol><li><strong>Uso Apropiado de Implementos:<\/strong> UNALTRASENA destaca la necesidad de garantizar que los <strong>implementos y la maquinaria<\/strong> se utilicen <strong>de manera segura y apropiada<\/strong>. Esto subraya la importancia de capacitar continuamente a instructores y aprendices para proteger la inversi\u00f3n y maximizar la eficiencia productiva.<\/li><li><strong>Acompa\u00f1amiento a la Industrializaci\u00f3n:<\/strong> La organizaci\u00f3n sindical expresa su <strong>firme compromiso<\/strong> de acompa\u00f1ar activamente el proceso de <strong>industrializaci\u00f3n del campo<\/strong>. Su objetivo es asegurar que la transferencia tecnol\u00f3gica del SENA se traduzca en una mayor productividad y, fundamentalmente, en la <strong>dignificaci\u00f3n del trabajo rural<\/strong> a trav\u00e9s de empleos de calidad.<\/li><li>\u00a0<\/li><\/ol><p><strong>\ud83c\udfa5 \u00a1Mira el Video! La Modernizaci\u00f3n Campesena en Acci\u00f3n<\/strong><\/p><p>Para conocer los detalles de esta transformaci\u00f3n hist\u00f3rica y c\u00f3mo est\u00e1 impactando la vida de los colombianos, te invitamos a ver el video oficial.<\/p><p>Haz clic en el enlace y s\u00e9 testigo de la inversi\u00f3n que est\u00e1 sembrando un futuro m\u00e1s pr\u00f3spero en el campo colombiano:<\/p><p><strong>\u25b6\ufe0f VER VIDEO OFICIAL: Campesena impulsa la modernizaci\u00f3n de la formaci\u00f3n SENA<\/strong><\/p><p><strong><a href=\"https:\/\/www.facebook.com\/JorgeELondonoU\/videos\/campesena-impulsa-la-modernizaci%C3%B3n-de-la-formaci%C3%B3n-sena\/4189680841288718\/\">https:\/\/www.facebook.com\/JorgeELondonoU\/videos\/campesena-impulsa-la-modernizaci%C3%B3n-de-la-formaci%C3%B3n-sena\/4189680841288718\/<\/a><\/strong><\/p>\t\t\t\t\t\t<\/div>\n\t\t\t\t<\/div>\n\t\t\t\t\t<\/div>\n\t\t<\/div>\n\t\t\t\t\t<\/div>\n\t\t<\/section>\n\t\t\t\t\t<\/div>\n\t\t<\/div>\n\t\t\t\t\t<\/div>\n\t\t<\/section>\n\t\t\t\t<\/div>\n\t\t","protected":false},"excerpt":{"rendered":"<p>El Servicio Nacional de Aprendizaje (SENA) reafirma su compromiso con el desarrollo rural del pa\u00eds a trav\u00e9s de la poderosa estrategia Campesena. Esta iniciativa es el motor de una ambiciosa modernizaci\u00f3n de la formaci\u00f3n agropecuaria, dise\u00f1ada para inyectar recursos, tecnolog\u00eda y conocimiento directamente en el coraz\u00f3n productivo de Colombia. Hist\u00f3ricamente el SENA ha tenido diferentes [&hellip;]<\/p>\n","protected":false},"author":1,"featured_media":2139,"comment_status":"closed","ping_status":"closed","sticky":false,"template":"","format":"standard","meta":{"om_disable_all_campaigns":false,"_monsterinsights_skip_tracking":false,"_monsterinsights_sitenote_active":false,"_monsterinsights_sitenote_note":"","_monsterinsights_sitenote_category":0,"footnotes":""},"categories":[1],"tags":[],"class_list":["post-2134","post","type-post","status-publish","format-standard","has-post-thumbnail","hentry","category-otros","entry","has-media"],"aioseo_notices":[],"_links":{"self":[{"href":"https:\/\/unaltrasena.com\/index.php\/wp-json\/wp\/v2\/posts\/2134","targetHints":{"allow":["GET"]}}],"collection":[{"href":"https:\/\/unaltrasena.com\/index.php\/wp-json\/wp\/v2\/posts"}],"about":[{"href":"https:\/\/unaltrasena.com\/index.php\/wp-json\/wp\/v2\/types\/post"}],"author":[{"embeddable":true,"href":"https:\/\/unaltrasena.com\/index.php\/wp-json\/wp\/v2\/users\/1"}],"replies":[{"embeddable":true,"href":"https:\/\/unaltrasena.com\/index.php\/wp-json\/wp\/v2\/comments?post=2134"}],"version-history":[{"count":7,"href":"https:\/\/unaltrasena.com\/index.php\/wp-json\/wp\/v2\/posts\/2134\/revisions"}],"predecessor-version":[{"id":2142,"href":"https:\/\/unaltrasena.com\/index.php\/wp-json\/wp\/v2\/posts\/2134\/revisions\/2142"}],"wp:featuredmedia":[{"embeddable":true,"href":"https:\/\/unaltrasena.com\/index.php\/wp-json\/wp\/v2\/media\/2139"}],"wp:attachment":[{"href":"https:\/\/unaltrasena.com\/index.php\/wp-json\/wp\/v2\/media?parent=2134"}],"wp:term":[{"taxonomy":"category","embeddable":true,"href":"https:\/\/unaltrasena.com\/index.php\/wp-json\/wp\/v2\/categories?post=2134"},{"taxonomy":"post_tag","embeddable":true,"href":"https:\/\/unaltrasena.com\/index.php\/wp-json\/wp\/v2\/tags?post=2134"}],"curies":[{"name":"wp","href":"https:\/\/api.w.org\/{rel}","templated":true}]}}