{"id":2178,"date":"2025-11-06T09:08:26","date_gmt":"2025-11-06T14:08:26","guid":{"rendered":"https:\/\/unaltrasena.com\/?p=2178"},"modified":"2025-11-06T20:23:56","modified_gmt":"2025-11-07T01:23:56","slug":"el-sena-una-institucion-atrapada-entre-dos-ministerios","status":"publish","type":"post","link":"https:\/\/unaltrasena.com\/index.php\/2025\/11\/06\/el-sena-una-institucion-atrapada-entre-dos-ministerios\/","title":{"rendered":"El SENA: \u00bfUna instituci\u00f3n atrapada entre dos ministerios?"},"content":{"rendered":"\t\t<div data-elementor-type=\"wp-post\" data-elementor-id=\"2178\" class=\"elementor elementor-2178\">\n\t\t\t\t\t\t<section class=\"elementor-section elementor-top-section elementor-element elementor-element-2a43d36 elementor-section-boxed elementor-section-height-default elementor-section-height-default\" data-id=\"2a43d36\" data-element_type=\"section\">\n\t\t\t\t\t\t<div class=\"elementor-container elementor-column-gap-default\">\n\t\t\t\t\t<div class=\"elementor-column elementor-col-100 elementor-top-column elementor-element elementor-element-cc77b1f\" data-id=\"cc77b1f\" data-element_type=\"column\">\n\t\t\t<div class=\"elementor-widget-wrap elementor-element-populated\">\n\t\t\t\t\t\t<section class=\"elementor-section elementor-inner-section elementor-element elementor-element-61dea94 elementor-section-boxed elementor-section-height-default elementor-section-height-default\" data-id=\"61dea94\" data-element_type=\"section\">\n\t\t\t\t\t\t<div class=\"elementor-container elementor-column-gap-default\">\n\t\t\t\t\t<div class=\"elementor-column elementor-col-50 elementor-inner-column elementor-element elementor-element-b58e53b\" data-id=\"b58e53b\" data-element_type=\"column\">\n\t\t\t<div class=\"elementor-widget-wrap elementor-element-populated\">\n\t\t\t\t\t\t<div class=\"elementor-element elementor-element-df27203 elementor-widget elementor-widget-text-editor\" data-id=\"df27203\" data-element_type=\"widget\" data-widget_type=\"text-editor.default\">\n\t\t\t\t<div class=\"elementor-widget-container\">\n\t\t\t\t\t\t\t<p>La formaci\u00f3n para el trabajo y el desarrollo humano ha sido tradicionalmente la misi\u00f3n fundamental del Servicio Nacional de Aprendizaje (SENA). Sin embargo, en los \u00faltimos a\u00f1os hemos sido testigos de una creciente participaci\u00f3n del SENA en el cumplimiento de las metas del Ministerio de Educaci\u00f3n en materia de educaci\u00f3n superior. Surge entonces una pregunta crucial: \u00bfEs esta dualidad de funciones la m\u00e1s adecuada para garantizar el cumplimiento eficiente de las misiones de ambas entidades?<br \/>La afirmaci\u00f3n de que el SENA contribuye con un gran porcentaje de su presupuesto al fortalecimiento de la educaci\u00f3n superior, t\u00e9cnica, tecnol\u00f3gica y universitaria, en l\u00ednea con las metas del Ministerio de Educaci\u00f3n, plantea un interrogante fundamental: si el SENA est\u00e1 destinando recursos significativos a objetivos que, en principio, corresponden a otro ministerio, \u00bfno ser\u00eda m\u00e1s coherente y eficiente que el Ministerio de Educaci\u00f3n asignara directamente los recursos necesarios al SENA a trav\u00e9s del Ministerio del Trabajo?<\/p><p><strong>Vamos por partes y realicemos un an\u00e1lisis constructivo.<\/strong><\/p><p>Esta situaci\u00f3n plantea varios desaf\u00edos:<\/p><p><br \/>\u27a1\ufe0f* Dispersi\u00f3n de esfuerzos: La participaci\u00f3n del SENA en m\u00faltiples frentes puede diluir sus esfuerzos y afectar la calidad de la formaci\u00f3n para el trabajo.<\/p><p><br \/>\u27a1\ufe0f* Duplicidad de funciones: Existe el riesgo de duplicar esfuerzos con otras instituciones de educaci\u00f3n superior, lo que podr\u00eda generar ineficiencias en el uso de los recursos p\u00fablicos.<\/p><p><br \/>\u27a1\ufe0f* Desalineaci\u00f3n con la misi\u00f3n original: La creciente participaci\u00f3n del SENA en la educaci\u00f3n superior podr\u00eda desviar la atenci\u00f3n de su misi\u00f3n original de formar t\u00e9cnicos y tecn\u00f3logos para el sector productivo.<\/p>\t\t\t\t\t\t<\/div>\n\t\t\t\t<\/div>\n\t\t\t\t\t<\/div>\n\t\t<\/div>\n\t\t\t\t<div class=\"elementor-column elementor-col-50 elementor-inner-column elementor-element elementor-element-b7672a1\" data-id=\"b7672a1\" data-element_type=\"column\">\n\t\t\t<div class=\"elementor-widget-wrap elementor-element-populated\">\n\t\t\t\t\t\t<div class=\"elementor-element elementor-element-730f45d elementor-widget elementor-widget-text-editor\" data-id=\"730f45d\" data-element_type=\"widget\" data-widget_type=\"text-editor.default\">\n\t\t\t\t<div class=\"elementor-widget-container\">\n\t\t\t\t\t\t\t<p>Ahora vamos con una alternativa algo propositiva:<\/p><p><br \/>Para garantizar que el SENA cumpla de manera eficiente su misi\u00f3n y contribuya al desarrollo del pa\u00eds, se proponen las siguientes acciones:<\/p><p><br \/>\u27a1\ufe0f* Clarificaci\u00f3n de roles: Es necesario realizar un an\u00e1lisis detallado de las competencias y responsabilidades de cada instituci\u00f3n, con el fin de establecer de manera clara cu\u00e1l es el rol del SENA en el sistema educativo colombiano.<\/p><p><br \/>\u27a1\ufe0f* Reasignaci\u00f3n de recursos: Se sugiere que el Ministerio de Educaci\u00f3n asigne directamente los recursos necesarios al SENA a trav\u00e9s del Ministerio del Trabajo, para garantizar que la formaci\u00f3n para el trabajo sea la prioridad de la instituci\u00f3n.<\/p><p><br \/>\u27a1\ufe0f* Fortalecimiento de la articulaci\u00f3n: Es fundamental fortalecer la articulaci\u00f3n entre el SENA y las instituciones de educaci\u00f3n superior, para garantizar la complementariedad de las ofertas educativas y evitar duplicidades.<\/p><p><br \/>\u27a1\ufe0f* Evaluaci\u00f3n de impacto: Se deben implementar mecanismos de evaluaci\u00f3n de impacto que permitan medir la efectividad de las inversiones realizadas en el SENA y ajustar las pol\u00edticas y programas en consecuencia.<\/p><p><br \/>Y ahora las Conclusiones:<\/p><p><br \/>El SENA es una instituci\u00f3n clave para el desarrollo de Colombia, pero su futuro depender\u00e1 de la claridad de su misi\u00f3n y de la asignaci\u00f3n adecuada de recursos. Es necesario realizar un debate profundo sobre el rol del SENA en el sistema educativo colombiano\ud83c\udde8\ud83c\uddf4 y tomar decisiones que garanticen que la instituci\u00f3n pueda cumplir de manera eficiente su misi\u00f3n de formar para el trabajo y desarrollo humano de t\u00e9cnicos y tecn\u00f3logos para el sector productivo.<\/p>\t\t\t\t\t\t<\/div>\n\t\t\t\t<\/div>\n\t\t\t\t\t<\/div>\n\t\t<\/div>\n\t\t\t\t\t<\/div>\n\t\t<\/section>\n\t\t\t\t\t<\/div>\n\t\t<\/div>\n\t\t\t\t\t<\/div>\n\t\t<\/section>\n\t\t\t\t<\/div>\n\t\t","protected":false},"excerpt":{"rendered":"<p>La formaci\u00f3n para el trabajo y el desarrollo humano ha sido tradicionalmente la misi\u00f3n fundamental del Servicio Nacional de Aprendizaje (SENA). Sin embargo, en los \u00faltimos a\u00f1os hemos sido testigos de una creciente participaci\u00f3n del SENA en el cumplimiento de las metas del Ministerio de Educaci\u00f3n en materia de educaci\u00f3n superior. Surge entonces una pregunta [&hellip;]<\/p>\n","protected":false},"author":1,"featured_media":2182,"comment_status":"closed","ping_status":"closed","sticky":false,"template":"","format":"standard","meta":{"om_disable_all_campaigns":false,"_monsterinsights_skip_tracking":false,"_monsterinsights_sitenote_active":false,"_monsterinsights_sitenote_note":"","_monsterinsights_sitenote_category":0,"footnotes":""},"categories":[1],"tags":[],"class_list":["post-2178","post","type-post","status-publish","format-standard","has-post-thumbnail","hentry","category-otros","entry","has-media"],"aioseo_notices":[],"_links":{"self":[{"href":"https:\/\/unaltrasena.com\/index.php\/wp-json\/wp\/v2\/posts\/2178","targetHints":{"allow":["GET"]}}],"collection":[{"href":"https:\/\/unaltrasena.com\/index.php\/wp-json\/wp\/v2\/posts"}],"about":[{"href":"https:\/\/unaltrasena.com\/index.php\/wp-json\/wp\/v2\/types\/post"}],"author":[{"embeddable":true,"href":"https:\/\/unaltrasena.com\/index.php\/wp-json\/wp\/v2\/users\/1"}],"replies":[{"embeddable":true,"href":"https:\/\/unaltrasena.com\/index.php\/wp-json\/wp\/v2\/comments?post=2178"}],"version-history":[{"count":3,"href":"https:\/\/unaltrasena.com\/index.php\/wp-json\/wp\/v2\/posts\/2178\/revisions"}],"predecessor-version":[{"id":2181,"href":"https:\/\/unaltrasena.com\/index.php\/wp-json\/wp\/v2\/posts\/2178\/revisions\/2181"}],"wp:featuredmedia":[{"embeddable":true,"href":"https:\/\/unaltrasena.com\/index.php\/wp-json\/wp\/v2\/media\/2182"}],"wp:attachment":[{"href":"https:\/\/unaltrasena.com\/index.php\/wp-json\/wp\/v2\/media?parent=2178"}],"wp:term":[{"taxonomy":"category","embeddable":true,"href":"https:\/\/unaltrasena.com\/index.php\/wp-json\/wp\/v2\/categories?post=2178"},{"taxonomy":"post_tag","embeddable":true,"href":"https:\/\/unaltrasena.com\/index.php\/wp-json\/wp\/v2\/tags?post=2178"}],"curies":[{"name":"wp","href":"https:\/\/api.w.org\/{rel}","templated":true}]}}