{"id":2184,"date":"2025-11-23T16:12:08","date_gmt":"2025-11-23T21:12:08","guid":{"rendered":"https:\/\/unaltrasena.com\/?p=2184"},"modified":"2025-11-23T16:33:18","modified_gmt":"2025-11-23T21:33:18","slug":"el-sena-atrapado-en-el-pasado-una-mirada-a-la-tecnologia-en-la-formacion-tecnica","status":"publish","type":"post","link":"https:\/\/unaltrasena.com\/index.php\/2025\/11\/23\/el-sena-atrapado-en-el-pasado-una-mirada-a-la-tecnologia-en-la-formacion-tecnica\/","title":{"rendered":"El SENA: \u00bfAtrapado en el pasado? Una mirada a la tecnolog\u00eda en la formaci\u00f3n t\u00e9cnica."},"content":{"rendered":"\t\t<div data-elementor-type=\"wp-post\" data-elementor-id=\"2184\" class=\"elementor elementor-2184\">\n\t\t\t\t\t\t<section class=\"elementor-section elementor-top-section elementor-element elementor-element-69ae740 elementor-section-boxed elementor-section-height-default elementor-section-height-default\" data-id=\"69ae740\" data-element_type=\"section\">\n\t\t\t\t\t\t<div class=\"elementor-container elementor-column-gap-default\">\n\t\t\t\t\t<div class=\"elementor-column elementor-col-100 elementor-top-column elementor-element elementor-element-fb4b194\" data-id=\"fb4b194\" data-element_type=\"column\">\n\t\t\t<div class=\"elementor-widget-wrap elementor-element-populated\">\n\t\t\t\t\t\t<section class=\"elementor-section elementor-inner-section elementor-element elementor-element-61f8968 elementor-section-boxed elementor-section-height-default elementor-section-height-default\" data-id=\"61f8968\" data-element_type=\"section\">\n\t\t\t\t\t\t<div class=\"elementor-container elementor-column-gap-default\">\n\t\t\t\t\t<div class=\"elementor-column elementor-col-50 elementor-inner-column elementor-element elementor-element-2e0d6d2\" data-id=\"2e0d6d2\" data-element_type=\"column\">\n\t\t\t<div class=\"elementor-widget-wrap elementor-element-populated\">\n\t\t\t\t\t\t<div class=\"elementor-element elementor-element-d918764 elementor-widget elementor-widget-text-editor\" data-id=\"d918764\" data-element_type=\"widget\" data-widget_type=\"text-editor.default\">\n\t\t\t\t<div class=\"elementor-widget-container\">\n\t\t\t\t\t\t\t<p>El Servicio Nacional de Aprendizaje (SENA), hist\u00f3ricamente reconocido como la columna vertebral de la formaci\u00f3n t\u00e9cnica y tecnol\u00f3gica en Colombia, enfrenta hoy un reto que ya no puede seguir posterg\u00e1ndose: la profunda brecha digital que separa su modelo de ense\u00f1anza de las necesidades reales del mercado laboral del siglo XXI.<\/p><p>Aunque el pa\u00eds avanza hacia la transformaci\u00f3n digital y las empresas demandan cada vez m\u00e1s competencias tecnol\u00f3gicas, manejo de herramientas digitales, automatizaci\u00f3n y nuevas metodolog\u00edas de aprendizaje, muchas sedes del SENA contin\u00faan operando bajo esquemas que recuerdan m\u00e1s a un modelo educativo del pasado que a un sistema moderno de formaci\u00f3n para el trabajo. Aulas desactualizadas, talleres con equipos obsoletos y conectividad insuficiente contrastan con el discurso institucional de innovaci\u00f3n.<\/p><p>Esta brecha no solo limita el aprendizaje de los aprendices; tambi\u00e9n afecta directamente las condiciones laborales de los instructores, quienes deben enfrentarse a la exigencia de formar para un futuro digital sin contar con las herramientas necesarias. El resultado es una tensi\u00f3n constante entre lo que el pa\u00eds demanda y lo que la instituci\u00f3n realmente puede ofrecer.<\/p><p>Para el movimiento sindical, este diagn\u00f3stico no es una cr\u00edtica superficial: es un llamado urgente a modernizar infraestructura, actualizar tecnolog\u00eda, fortalecer capacidades docentes y garantizar que la formaci\u00f3n profesional p\u00fablica est\u00e9 a la altura de los desaf\u00edos actuales. Porque la innovaci\u00f3n no puede ser solo un eslogan; debe ser una realidad tangible en cada centro, taller y ambiente de formaci\u00f3n.<\/p><p>El Servicio Nacional de Aprendizaje (SENA), pilar fundamental de la formaci\u00f3n t\u00e9cnica en Colombia, se enfrenta a un desaf\u00edo crucial: la brecha digital que separa sus m\u00e9todos de ense\u00f1anza de las exigencias del mercado laboral del siglo XXI. A pesar de los avances tecnol\u00f3gicos y de la creciente demanda de competencias digitales, muchas aulas y talleres del SENA a\u00fan recuerdan m\u00e1s a una escuela tradicional del pasado que a un verdadero centro de innovaci\u00f3n, formaci\u00f3n para el trabajo y desarrollo humano. Esta realidad pone de manifiesto la necesidad urgente de actualizar los ambientes de aprendizaje, los recursos did\u00e1cticos y las metodolog\u00edas pedag\u00f3gicas, para que respondan de manera pertinente a los desaf\u00edos de la cuarta revoluci\u00f3n industrial. El Acuerdo 8 de 1997, que regula la Formaci\u00f3n Profesional Integral, plantea que la educaci\u00f3n impartida por el SENA debe orientarse al desarrollo de competencias t\u00e9cnicas, tecnol\u00f3gicas y humanas, en armon\u00eda con el avance cient\u00edfico y la transformaci\u00f3n del entorno productivo. Por tanto, modernizar los espacios, fortalecer la infraestructura tecnol\u00f3gica y promover un modelo pedag\u00f3gico centrado en el aprendizaje activo y el pensamiento cr\u00edtico, no solo es una tarea institucional, sino una responsabilidad con el futuro del pa\u00eds y con la dignificaci\u00f3n del proceso formativo.\u00a0<\/p><p>A ver, y a manera de ejemplo pregunt\u00e9monos lo siguiente: \u00bfCu\u00e1ntas pantallas interactivas tiene el SENA en sus ambientes o talleres de aprendizaje? Esta<\/p><p>pregunta, lejos de ser ret\u00f3rica, pone en evidencia la preocupante realidad de una instituci\u00f3n que, en muchos casos, sigue anclada en m\u00e9todos de ense\u00f1anza tradicionales.<\/p><p>Al parecer en la actualidad, gran parte de la formaci\u00f3n en el SENA parece limitarse al tablero, la palabra del instructor y el marcador, evidenciando un modelo pedag\u00f3gico que privilegia la transmisi\u00f3n te\u00f3rica por encima de los entornos reales de aprendizaje, la pr\u00e1ctica, la innovaci\u00f3n y la pertinencia con el entorno laboral, y unos cuantos televisores ya vetustos para ver videos y tutoriales que por lo general necesitan un cable de poder y HDMI, mientras que la gran mayor\u00eda de colegios p\u00fablicos de Bogot\u00e1 hace muchos a\u00f1os dotaron sus aulas con esta tecnolog\u00eda&#8230;muy bien por los colegios p\u00fablicos.<\/p>\t\t\t\t\t\t<\/div>\n\t\t\t\t<\/div>\n\t\t\t\t\t<\/div>\n\t\t<\/div>\n\t\t\t\t<div class=\"elementor-column elementor-col-50 elementor-inner-column elementor-element elementor-element-bd12d7a\" data-id=\"bd12d7a\" data-element_type=\"column\">\n\t\t\t<div class=\"elementor-widget-wrap elementor-element-populated\">\n\t\t\t\t\t\t<div class=\"elementor-element elementor-element-eb6b04c elementor-widget elementor-widget-text-editor\" data-id=\"eb6b04c\" data-element_type=\"widget\" data-widget_type=\"text-editor.default\">\n\t\t\t\t<div class=\"elementor-widget-container\">\n\t\t\t\t\t\t\t<p>Es muy importante tener presente que en el SENA no se dictan clases, sino que se imparte Formaci\u00f3n Profesional Integral, conforme a lo establecido en el Acuerdo 8 de 1997, Estatuto de la Formaci\u00f3n Profesional Integral, el cual orienta el proceso educativo hacia el desarrollo de competencias laborales, valores \u00e9ticos y crecimiento personal del aprendiz, dentro de un enfoque pedag\u00f3gico humanista, constructivista y por competencias.<\/p><p>&#8230;Ahora, en un despliegue de ingenio y sacrificio digno de aplauso, los instructores en pleno siglo XXI, tienen que asumir y conformar su kit diario y personal para impartir formaci\u00f3n, \u00e9ste kit no solo incluye el Internet personal, port\u00e1til personal, largas extensiones el\u00e9ctricas personales con m\u00ednimo 10 multitomas, cable HDMI personal, control remoto personal, cables de poder personal, libros manuales y el marcador, sino tambi\u00e9n un termo con una tibia agua arom\u00e1tica y algunas galletas (\u00a1benditos sean!) para mitigar esos dolores de est\u00f3mago y mareos que los aprendices sufren a falta de un desayuno adecuado, sucede mucho en los primeros trimestres, pues el aprendiz en su gran mayor\u00eda, a veces llegan solo con lo del pasaje y a\u00fan no tienen contrato de aprendizaje. A esta lista se suma la frustraci\u00f3n de trabajar en ambientes de formaci\u00f3n con carencias evidentes y b\u00e1sicas. Un cableado estructurado con m\u00e1s de 30 a\u00f1os, la falta de conectividad y fibra \u00f3ptica en muchos centros de formaci\u00f3n, un LMS (Learning Management System) deficiente, la ausencia de equipos, aulas en mal estado o deterioradas se evidencia que llevan a\u00f1os sin pintar y deficiencias y mal estado en las unidades sanitarias y en las cafeter\u00edas son problemas diarios que los aprendices, instructores y personal administrativo deben sortear diariamente. Estas situaciones y muchas otras mas ya se normalizaron y se volvieron parte del paisaje institucional tan habituales que ya nadie repara en ellas.<\/p><p>&#8230;Bueno, y que las empresas hoy d\u00eda buscan profesionales capaces de desenvolverse en entornos altamente digitalizados y automatizados.<\/p><p>Esta falta de inversi\u00f3n en tecnolog\u00eda educativa no solo limita las oportunidades de aprendizaje de los j\u00f3venes, sino que tambi\u00e9n compromete la competitividad del pa\u00eds. En un mundo donde la inteligencia artificial, la rob\u00f3tica y el big data son cada<\/p><p>vez m\u00e1s relevantes, los egresados del SENA pueden encontrarse desactualizados y con dificultades para adaptarse a los nuevos desaf\u00edos laborales.<\/p><p>Es imperativo que el SENA realice una profunda revisi\u00f3n de sus pr\u00e1cticas pedag\u00f3gicas y se comprometa a transformar sus aulas y talleres en espacios de aprendizaje innovadores y conectados. La implementaci\u00f3n de tecnolog\u00edas como realidad virtual, inteligencia artificial, plataformas de aprendizaje en l\u00ednea, edutainment, serious games, puede revolucionar la forma en que se transmiten los conocimientos y habilidades t\u00e9cnicas.<\/p><p>Adem\u00e1s, es necesario fortalecer la colaboraci\u00f3n entre el SENA y el sector productivo para garantizar que los programas de formaci\u00f3n respondan a las necesidades reales del mercado laboral. Las empresas pueden aportar su expertise y recursos para desarrollar curr\u00edculos m\u00e1s actualizados y relevantes.<\/p><p>En conclusi\u00f3n, el SENA tiene una oportunidad \u00fanica para consolidarse como un referente en la formaci\u00f3n t\u00e9cnica de alta calidad. Sin embargo, para lograrlo, debe superar los obst\u00e1culos que impiden una mayor adopci\u00f3n de tecnolog\u00edas educativas y adaptarse a las demandas de un mundo laboral cada vez m\u00e1s digitalizado. La pregunta es: \u00bfestar\u00e1 el SENA dispuesto a asumir este desaf\u00edo y garantizar un futuro prometedor para sus estudiantes y para el pa\u00eds?.<\/p>\t\t\t\t\t\t<\/div>\n\t\t\t\t<\/div>\n\t\t\t\t\t<\/div>\n\t\t<\/div>\n\t\t\t\t\t<\/div>\n\t\t<\/section>\n\t\t\t\t\t<\/div>\n\t\t<\/div>\n\t\t\t\t\t<\/div>\n\t\t<\/section>\n\t\t\t\t<\/div>\n\t\t","protected":false},"excerpt":{"rendered":"<p>El Servicio Nacional de Aprendizaje (SENA), hist\u00f3ricamente reconocido como la columna vertebral de la formaci\u00f3n t\u00e9cnica y tecnol\u00f3gica en Colombia, enfrenta hoy un reto que ya no puede seguir posterg\u00e1ndose: la profunda brecha digital que separa su modelo de ense\u00f1anza de las necesidades reales del mercado laboral del siglo XXI. Aunque el pa\u00eds avanza hacia [&hellip;]<\/p>\n","protected":false},"author":1,"featured_media":2190,"comment_status":"closed","ping_status":"closed","sticky":false,"template":"","format":"standard","meta":{"om_disable_all_campaigns":false,"_monsterinsights_skip_tracking":false,"_monsterinsights_sitenote_active":false,"_monsterinsights_sitenote_note":"","_monsterinsights_sitenote_category":0,"footnotes":""},"categories":[1],"tags":[],"class_list":["post-2184","post","type-post","status-publish","format-standard","has-post-thumbnail","hentry","category-otros","entry","has-media"],"aioseo_notices":[],"_links":{"self":[{"href":"https:\/\/unaltrasena.com\/index.php\/wp-json\/wp\/v2\/posts\/2184","targetHints":{"allow":["GET"]}}],"collection":[{"href":"https:\/\/unaltrasena.com\/index.php\/wp-json\/wp\/v2\/posts"}],"about":[{"href":"https:\/\/unaltrasena.com\/index.php\/wp-json\/wp\/v2\/types\/post"}],"author":[{"embeddable":true,"href":"https:\/\/unaltrasena.com\/index.php\/wp-json\/wp\/v2\/users\/1"}],"replies":[{"embeddable":true,"href":"https:\/\/unaltrasena.com\/index.php\/wp-json\/wp\/v2\/comments?post=2184"}],"version-history":[{"count":4,"href":"https:\/\/unaltrasena.com\/index.php\/wp-json\/wp\/v2\/posts\/2184\/revisions"}],"predecessor-version":[{"id":2188,"href":"https:\/\/unaltrasena.com\/index.php\/wp-json\/wp\/v2\/posts\/2184\/revisions\/2188"}],"wp:featuredmedia":[{"embeddable":true,"href":"https:\/\/unaltrasena.com\/index.php\/wp-json\/wp\/v2\/media\/2190"}],"wp:attachment":[{"href":"https:\/\/unaltrasena.com\/index.php\/wp-json\/wp\/v2\/media?parent=2184"}],"wp:term":[{"taxonomy":"category","embeddable":true,"href":"https:\/\/unaltrasena.com\/index.php\/wp-json\/wp\/v2\/categories?post=2184"},{"taxonomy":"post_tag","embeddable":true,"href":"https:\/\/unaltrasena.com\/index.php\/wp-json\/wp\/v2\/tags?post=2184"}],"curies":[{"name":"wp","href":"https:\/\/api.w.org\/{rel}","templated":true}]}}