{"id":2198,"date":"2025-11-23T16:41:49","date_gmt":"2025-11-23T21:41:49","guid":{"rendered":"https:\/\/unaltrasena.com\/?p=2198"},"modified":"2025-11-23T16:50:31","modified_gmt":"2025-11-23T21:50:31","slug":"capacitacion-de-lideres-sindicales-del-sena","status":"publish","type":"post","link":"https:\/\/unaltrasena.com\/index.php\/2025\/11\/23\/capacitacion-de-lideres-sindicales-del-sena\/","title":{"rendered":"Capacitaci\u00f3n de l\u00edderes sindicales del SENA"},"content":{"rendered":"\t\t<div data-elementor-type=\"wp-post\" data-elementor-id=\"2198\" class=\"elementor elementor-2198\">\n\t\t\t\t\t\t<section class=\"elementor-section elementor-top-section elementor-element elementor-element-6f8eedac elementor-section-boxed elementor-section-height-default elementor-section-height-default\" data-id=\"6f8eedac\" data-element_type=\"section\">\n\t\t\t\t\t\t<div class=\"elementor-container elementor-column-gap-default\">\n\t\t\t\t\t<div class=\"elementor-column elementor-col-100 elementor-top-column elementor-element elementor-element-1cec6bba\" data-id=\"1cec6bba\" data-element_type=\"column\">\n\t\t\t<div class=\"elementor-widget-wrap elementor-element-populated\">\n\t\t\t\t\t\t<div class=\"elementor-element elementor-element-460c5400 elementor-widget elementor-widget-text-editor\" data-id=\"460c5400\" data-element_type=\"widget\" data-widget_type=\"text-editor.default\">\n\t\t\t\t<div class=\"elementor-widget-container\">\n\t\t\t\t\t\t\t<!-- wp:paragraph -->\n<p>Montevideo, Uruguay, 10 a 14 de noviembre de 2025<\/p>\n<!-- \/wp:paragraph -->\t\t\t\t\t\t<\/div>\n\t\t\t\t<\/div>\n\t\t\t\t\t<\/div>\n\t\t<\/div>\n\t\t\t\t\t<\/div>\n\t\t<\/section>\n\t\t\t\t<section class=\"elementor-section elementor-top-section elementor-element elementor-element-f0db5da elementor-section-boxed elementor-section-height-default elementor-section-height-default\" data-id=\"f0db5da\" data-element_type=\"section\">\n\t\t\t\t\t\t<div class=\"elementor-container elementor-column-gap-default\">\n\t\t\t\t\t<div class=\"elementor-column elementor-col-100 elementor-top-column elementor-element elementor-element-cf6fe23\" data-id=\"cf6fe23\" data-element_type=\"column\">\n\t\t\t<div class=\"elementor-widget-wrap elementor-element-populated\">\n\t\t\t\t\t\t<section class=\"elementor-section elementor-inner-section elementor-element elementor-element-3841053 elementor-section-boxed elementor-section-height-default elementor-section-height-default\" data-id=\"3841053\" data-element_type=\"section\">\n\t\t\t\t\t\t<div class=\"elementor-container elementor-column-gap-default\">\n\t\t\t\t\t<div class=\"elementor-column elementor-col-50 elementor-inner-column elementor-element elementor-element-b48e81c\" data-id=\"b48e81c\" data-element_type=\"column\">\n\t\t\t<div class=\"elementor-widget-wrap elementor-element-populated\">\n\t\t\t\t\t\t<div class=\"elementor-element elementor-element-9f385e5 elementor-widget elementor-widget-text-editor\" data-id=\"9f385e5\" data-element_type=\"widget\" data-widget_type=\"text-editor.default\">\n\t\t\t\t<div class=\"elementor-widget-container\">\n\t\t\t\t\t\t\t<p>Durante la semana del 10 al 14 de noviembre, los representantes sindicales del SENA participaron en visitas t\u00e9cnicas y sesiones de intercambio con instituciones uruguayas referentes en educaci\u00f3n t\u00e9cnica, formaci\u00f3n profesional, certificaci\u00f3n de competencias y di\u00e1logo social.<\/p>\n<p>Este encuentro permiti\u00f3 analizar tendencias globales del empleo, fortalecer las capacidades para la participaci\u00f3n sindical en la formulaci\u00f3n de pol\u00edticas p\u00fablicas y conocer de primera mano la experiencia uruguaya en institucionalidad, negociaci\u00f3n tripartita y gobernanza del sistema de formaci\u00f3n profesional.<\/p>\n<p>Esta actividad se desarrolla en el marco del Convenio de Colaboraci\u00f3n entre el SENA y OIT\/Cinterfor para el a\u00f1o 2025, y da continuidad a una l\u00ednea de trabajo conjunta iniciada en 2023. Su prop\u00f3sito es fortalecer la formaci\u00f3n y capacitaci\u00f3n de los l\u00edderes de los distintos sindicatos de la instituci\u00f3n, abordando tem\u00e1ticas relacionadas con la participaci\u00f3n sindical en las pol\u00edticas p\u00fablicas y en la gesti\u00f3n de la formaci\u00f3n profesional.<\/p>\n<p>Una mirada cr\u00edtica a los objetivos de la actividad<\/p>\n<p>La actividad tiene como prop\u00f3sito central dar continuidad al proceso de formaci\u00f3n de los l\u00edderes sindicales del SENA, enfocado en el an\u00e1lisis de la participaci\u00f3n sindical en las pol\u00edticas p\u00fablicas y en el rol que desempe\u00f1an las instituciones de formaci\u00f3n profesional en Am\u00e9rica Latina y el Caribe. No se trata solo de un ejercicio acad\u00e9mico: es una apuesta por fortalecer la capacidad de incidencia real del movimiento sindical en los espacios donde se toman decisiones que afectan directamente al trabajo, la formaci\u00f3n y los derechos de los servidores p\u00fablicos.<\/p>\n<p>En esta edici\u00f3n, la agenda pone especial \u00e9nfasis en la participaci\u00f3n sindical dentro de escenarios de di\u00e1logo social relacionados con la formaci\u00f3n profesional y los sistemas de certificaci\u00f3n. Tambi\u00e9n aborda las tendencias globales del empleo y los retos que implica la actualizaci\u00f3n continua del personal profesional. Estos temas no son menores: mientras el mundo del trabajo se transforma aceleradamente, es indispensable que los sindicatos cuenten con herramientas para defender condiciones laborales dignas y una formaci\u00f3n profesional que responda a las necesidades de los trabajadores, no solo a los intereses del mercado.<\/p>\t\t\t\t\t\t<\/div>\n\t\t\t\t<\/div>\n\t\t\t\t\t<\/div>\n\t\t<\/div>\n\t\t\t\t<div class=\"elementor-column elementor-col-50 elementor-inner-column elementor-element elementor-element-f317942\" data-id=\"f317942\" data-element_type=\"column\">\n\t\t\t<div class=\"elementor-widget-wrap elementor-element-populated\">\n\t\t\t\t\t\t<div class=\"elementor-element elementor-element-3590070 elementor-widget elementor-widget-text-editor\" data-id=\"3590070\" data-element_type=\"widget\" data-widget_type=\"text-editor.default\">\n\t\t\t\t<div class=\"elementor-widget-container\">\n\t\t\t\t\t\t\t<p>Asimismo, la actividad incorpora una perspectiva sindical cr\u00edtica frente a los grandes debates actuales de la formaci\u00f3n profesional: la certificaci\u00f3n de competencias, la formaci\u00f3n dual, los modelos de aprendizaje y la formaci\u00f3n a lo largo de la vida. Todos estos conceptos, frecuentemente impulsados desde organismos internacionales o pol\u00edticas gubernamentales, necesitan ser interpretados desde la realidad laboral, garantizando que no se conviertan en mecanismos de precarizaci\u00f3n sino en oportunidades de fortalecimiento para los trabajadores.<\/p>\n<p>Finalmente, la actividad brinda la oportunidad de conocer la experiencia uruguaya en educaci\u00f3n t\u00e9cnica, formaci\u00f3n profesional y certificaci\u00f3n, as\u00ed como sus avances en institucionalidad y di\u00e1logo social. En este punto, resulta clave analizar la perspectiva del movimiento sindical uruguayo, que ha logrado consolidarse como un actor influyente en la definici\u00f3n de pol\u00edticas p\u00fablicas del sector. Este intercambio permite reflexionar sobre los desaf\u00edos y oportunidades que enfrenta el sindicalismo colombiano para lograr una mayor participaci\u00f3n en la gobernanza de la formaci\u00f3n profesional.<\/p>\n<p>En conjunto, estos objetivos plantean un reto fundamental: construir un sindicalismo m\u00e1s preparado, m\u00e1s cr\u00edtico y m\u00e1s presente en los escenarios donde se define el futuro del trabajo y la formaci\u00f3n en el pa\u00eds.<\/p>\n<p>\u00a0<\/p>\n<p>Cerramos la jornada con aprendizajes significativos, nuevas perspectivas y compromisos renovados para seguir fortaleciendo la formaci\u00f3n profesional en Colombia, el rol del sindicalismo y la calidad del servicio que brindamos.<\/p>\t\t\t\t\t\t<\/div>\n\t\t\t\t<\/div>\n\t\t\t\t\t<\/div>\n\t\t<\/div>\n\t\t\t\t\t<\/div>\n\t\t<\/section>\n\t\t\t\t\t<\/div>\n\t\t<\/div>\n\t\t\t\t\t<\/div>\n\t\t<\/section>\n\t\t\t\t<\/div>\n\t\t","protected":false},"excerpt":{"rendered":"<p>Montevideo, Uruguay, 10 a 14 de noviembre de 2025 Durante la semana del 10 al 14 de noviembre, los representantes sindicales del SENA participaron en visitas t\u00e9cnicas y sesiones de intercambio con instituciones uruguayas referentes en educaci\u00f3n t\u00e9cnica, formaci\u00f3n profesional, certificaci\u00f3n de competencias y di\u00e1logo social. Este encuentro permiti\u00f3 analizar tendencias globales del empleo, fortalecer [&hellip;]<\/p>\n","protected":false},"author":1,"featured_media":2203,"comment_status":"closed","ping_status":"closed","sticky":false,"template":"","format":"standard","meta":{"om_disable_all_campaigns":false,"_monsterinsights_skip_tracking":false,"_monsterinsights_sitenote_active":false,"_monsterinsights_sitenote_note":"","_monsterinsights_sitenote_category":0,"footnotes":""},"categories":[1],"tags":[],"class_list":["post-2198","post","type-post","status-publish","format-standard","has-post-thumbnail","hentry","category-otros","entry","has-media"],"aioseo_notices":[],"_links":{"self":[{"href":"https:\/\/unaltrasena.com\/index.php\/wp-json\/wp\/v2\/posts\/2198","targetHints":{"allow":["GET"]}}],"collection":[{"href":"https:\/\/unaltrasena.com\/index.php\/wp-json\/wp\/v2\/posts"}],"about":[{"href":"https:\/\/unaltrasena.com\/index.php\/wp-json\/wp\/v2\/types\/post"}],"author":[{"embeddable":true,"href":"https:\/\/unaltrasena.com\/index.php\/wp-json\/wp\/v2\/users\/1"}],"replies":[{"embeddable":true,"href":"https:\/\/unaltrasena.com\/index.php\/wp-json\/wp\/v2\/comments?post=2198"}],"version-history":[{"count":7,"href":"https:\/\/unaltrasena.com\/index.php\/wp-json\/wp\/v2\/posts\/2198\/revisions"}],"predecessor-version":[{"id":2206,"href":"https:\/\/unaltrasena.com\/index.php\/wp-json\/wp\/v2\/posts\/2198\/revisions\/2206"}],"wp:featuredmedia":[{"embeddable":true,"href":"https:\/\/unaltrasena.com\/index.php\/wp-json\/wp\/v2\/media\/2203"}],"wp:attachment":[{"href":"https:\/\/unaltrasena.com\/index.php\/wp-json\/wp\/v2\/media?parent=2198"}],"wp:term":[{"taxonomy":"category","embeddable":true,"href":"https:\/\/unaltrasena.com\/index.php\/wp-json\/wp\/v2\/categories?post=2198"},{"taxonomy":"post_tag","embeddable":true,"href":"https:\/\/unaltrasena.com\/index.php\/wp-json\/wp\/v2\/tags?post=2198"}],"curies":[{"name":"wp","href":"https:\/\/api.w.org\/{rel}","templated":true}]}}