{"id":2207,"date":"2025-11-23T16:59:51","date_gmt":"2025-11-23T21:59:51","guid":{"rendered":"https:\/\/unaltrasena.com\/?p=2207"},"modified":"2025-11-23T17:24:43","modified_gmt":"2025-11-23T22:24:43","slug":"potencia-tu-carrera-invitacion-a-la-capacitacion-clave-sobre-la-evaluacion-del-desempeno-laboral-en-el-sena","status":"publish","type":"post","link":"https:\/\/unaltrasena.com\/index.php\/2025\/11\/23\/potencia-tu-carrera-invitacion-a-la-capacitacion-clave-sobre-la-evaluacion-del-desempeno-laboral-en-el-sena\/","title":{"rendered":"\u00a1Potencia tu Carrera! Invitaci\u00f3n a la Capacitaci\u00f3n Clave sobre la Evaluaci\u00f3n del Desempe\u00f1o Laboral en el SENA"},"content":{"rendered":"\t\t<div data-elementor-type=\"wp-post\" data-elementor-id=\"2207\" class=\"elementor elementor-2207\">\n\t\t\t\t\t\t<section class=\"elementor-section elementor-top-section elementor-element elementor-element-d2b4bc0 elementor-section-boxed elementor-section-height-default elementor-section-height-default\" data-id=\"d2b4bc0\" data-element_type=\"section\">\n\t\t\t\t\t\t<div class=\"elementor-container elementor-column-gap-default\">\n\t\t\t\t\t<div class=\"elementor-column elementor-col-100 elementor-top-column elementor-element elementor-element-c290b2e\" data-id=\"c290b2e\" data-element_type=\"column\">\n\t\t\t<div class=\"elementor-widget-wrap elementor-element-populated\">\n\t\t\t\t\t\t<section class=\"elementor-section elementor-inner-section elementor-element elementor-element-967338a elementor-section-boxed elementor-section-height-default elementor-section-height-default\" data-id=\"967338a\" data-element_type=\"section\">\n\t\t\t\t\t\t<div class=\"elementor-container elementor-column-gap-default\">\n\t\t\t\t\t<div class=\"elementor-column elementor-col-50 elementor-inner-column elementor-element elementor-element-f59116c\" data-id=\"f59116c\" data-element_type=\"column\">\n\t\t\t<div class=\"elementor-widget-wrap elementor-element-populated\">\n\t\t\t\t\t\t<div class=\"elementor-element elementor-element-8c99e18 elementor-widget elementor-widget-text-editor\" data-id=\"8c99e18\" data-element_type=\"widget\" data-widget_type=\"text-editor.default\">\n\t\t\t\t<div class=\"elementor-widget-container\">\n\t\t\t\t\t\t\t<p data-path-to-node=\"5\">La <b>Uni\u00f3n Nacional de Trabajadores del SENA \u2013 UNALTRASENA<\/b>, a trav\u00e9s de sus Secretar\u00edas de Educaci\u00f3n (Junta Nacional y Subdirectivas), extiende una cordial invitaci\u00f3n a toda la comunidad de trabajadores de la entidad para participar en una jornada de formaci\u00f3n fundamental para nuestro desarrollo profesional.<\/p><p data-path-to-node=\"6\">Se trata de una <b>Capacitaci\u00f3n Exclusiva sobre la Evaluaci\u00f3n del Desempe\u00f1o Laboral en el SENA<\/b>, un espacio dise\u00f1ado para que potencies tus competencias y comprendas a fondo los aspectos clave de este proceso neur\u00e1lgico, de la mano de especialistas en el tema.<\/p><p data-path-to-node=\"7\">\u00a0<\/p><h3>Detalles del Evento<\/h3><p>\u00a0<\/p><p data-path-to-node=\"8\">\u00a1No te lo pierdas! Asegura tu participaci\u00f3n en esta jornada formativa esencial para todos los servidores p\u00fablicos de la entidad.<\/p><ul data-path-to-node=\"9\"><li><p data-path-to-node=\"9,0,0\"><b>Fecha:<\/b> Jueves, 27 de noviembre de 2025<\/p><\/li><li><p data-path-to-node=\"9,1,0\"><b>Hora:<\/b> 8:00 a.m. \u2013 12:30 p.m.<\/p><\/li><li><p data-path-to-node=\"9,2,0\"><b>Modalidad:<\/b> Virtual<\/p><\/li><\/ul><p data-path-to-node=\"10\"><img decoding=\"async\" class=\"emoji\" role=\"img\" draggable=\"false\" src=\"https:\/\/s.w.org\/images\/core\/emoji\/16.0.1\/svg\/1f449.svg\" alt=\"\ud83d\udc49\" \/> <a href=\"https:\/\/teams.microsoft.com\/l\/meetup-join\/19%3ameeting_NDIxYmJiMjQtMDYzOC00MDc5LWE4NGItZjlhZjZlNjAzZmI1%40thread.v2\/0?context=%7b%22Tid%22%3a%22cbc2c381-2f2e-4d93-91d1-506c9316ace7%22%2c%22Oid%22%3a%227554b0a1-2e6c-4a6c-9b6b-d2b35f5257da%22%7d\"><b>INGRESA AQU\u00cd PARA PARTICIPAR<\/b><\/a> <img decoding=\"async\" class=\"emoji\" role=\"img\" draggable=\"false\" src=\"https:\/\/s.w.org\/images\/core\/emoji\/16.0.1\/svg\/1f448.svg\" alt=\"\ud83d\udc48\" \/>\u00a0<\/p><p data-path-to-node=\"10\">\u00a0<\/p>\t\t\t\t\t\t<\/div>\n\t\t\t\t<\/div>\n\t\t\t\t<div class=\"elementor-element elementor-element-08b2a6f elementor-widget elementor-widget-text-editor\" data-id=\"08b2a6f\" data-element_type=\"widget\" data-widget_type=\"text-editor.default\">\n\t\t\t\t<div class=\"elementor-widget-container\">\n\t\t\t\t\t\t\t<h3>\u00bfPor qu\u00e9 es vital asistir? La Importancia de la Evaluaci\u00f3n del Desempe\u00f1o Laboral en el SENA<\/h3><p data-path-to-node=\"13\">Comprender este proceso es crucial no solo para cumplir con un requisito, sino para aprovecharlo como una herramienta de crecimiento.<\/p><p data-path-to-node=\"14\">La Evaluaci\u00f3n del Desempe\u00f1o Laboral en el SENA es un proceso estrat\u00e9gico que busca garantizar que la entidad cumpla con altos est\u00e1ndares de calidad en todos sus servicios. Esta evaluaci\u00f3n no solo mide el trabajo realizado por cada servidor, sino que tambi\u00e9n orienta decisiones institucionales y acciones de mejoramiento continuo.<\/p><p data-path-to-node=\"15\">A continuaci\u00f3n, detallamos los pilares que hacen de este proceso algo fundamental:<\/p><h4>1. Garantiza la calidad del servicio p\u00fablico<\/h4><p data-path-to-node=\"17\">A trav\u00e9s de la evaluaci\u00f3n, el SENA puede verificar que cada funcionario est\u00e9 cumpliendo con las funciones, metas y responsabilidades establecidas. Esto contribuye directamente a mantener y fortalecer la calidad de la formaci\u00f3n profesional y de la atenci\u00f3n brindada a aprendices y ciudadan\u00eda.<\/p><p data-path-to-node=\"21\">\u00a0<\/p>\t\t\t\t\t\t<\/div>\n\t\t\t\t<\/div>\n\t\t\t\t\t<\/div>\n\t\t<\/div>\n\t\t\t\t<div class=\"elementor-column elementor-col-50 elementor-inner-column elementor-element elementor-element-c91d532\" data-id=\"c91d532\" data-element_type=\"column\">\n\t\t\t<div class=\"elementor-widget-wrap elementor-element-populated\">\n\t\t\t\t\t\t<div class=\"elementor-element elementor-element-15afc32 elementor-widget elementor-widget-text-editor\" data-id=\"15afc32\" data-element_type=\"widget\" data-widget_type=\"text-editor.default\">\n\t\t\t\t<div class=\"elementor-widget-container\">\n\t\t\t\t\t\t\t<h4>2. Identifica necesidades de formaci\u00f3n y fortalecimiento<\/h4><p data-path-to-node=\"19\">La evaluaci\u00f3n permite detectar habilidades, logros y tambi\u00e9n las dificultades o brechas que puedan existir. Con esta informaci\u00f3n, se dise\u00f1an planes de capacitaci\u00f3n, acompa\u00f1amiento y desarrollo profesional ajustados a las necesidades reales de los trabajadores.<\/p><h4>3. Fomenta la meritocracia y la transparencia<\/h4><p data-path-to-node=\"21\">Contar con un proceso formal y estructurado de evaluaci\u00f3n es fundamental para garantizar que el reconocimiento, los est\u00edmulos y el crecimiento laboral se basen en criterios objetivos. Esto protege la transparencia y fortalece la equidad dentro de la instituci\u00f3n.<\/p><h4>4. Promueve la retroalimentaci\u00f3n constructiva<\/h4><p data-path-to-node=\"23\">La evaluaci\u00f3n abre espacios de di\u00e1logo entre trabajadores y jefes inmediatos, generando oportunidades de retroalimentaci\u00f3n y mejora continua. De esta manera, se fortalecen las relaciones laborales y se clarifican expectativas, metas y responsabilidades.<\/p><h4>5. Aporta a la toma de decisiones institucionales<\/h4><p data-path-to-node=\"25\">Los resultados del proceso permiten al SENA identificar fortalezas, \u00e1reas cr\u00edticas y pr\u00e1cticas que requieren revisi\u00f3n o ajuste. As\u00ed, la evaluaci\u00f3n contribuye a mejorar procesos, optimizar equipos de trabajo y garantizar una prestaci\u00f3n del servicio m\u00e1s eficiente.<\/p><h4>6. Impacta positivamente el bienestar y la motivaci\u00f3n<\/h4><p data-path-to-node=\"27\">Cuando el proceso se desarrolla con rigor t\u00e9cnico y enfoque humanizado, la evaluaci\u00f3n se convierte en una herramienta para reconocer el esfuerzo, reforzar la motivaci\u00f3n y promover el bienestar laboral. Esto se refleja en un mejor ambiente de trabajo y en mayor compromiso con la misi\u00f3n institucional.<\/p><h3>\u00a1Te esperamos!<\/h3><p data-path-to-node=\"30\">Desde <b>UNALTRASENA<\/b> estamos comprometidos con la formaci\u00f3n y la defensa de los derechos de los trabajadores. Conocer a fondo c\u00f3mo se mide nuestro desempe\u00f1o es el primer paso para garantizar procesos justos y transparentes.<\/p><p data-path-to-node=\"31\"><b>Agenda la fecha y con\u00e9ctate este 27 de noviembre.<\/b><\/p>\t\t\t\t\t\t<\/div>\n\t\t\t\t<\/div>\n\t\t\t\t\t<\/div>\n\t\t<\/div>\n\t\t\t\t\t<\/div>\n\t\t<\/section>\n\t\t\t\t\t<\/div>\n\t\t<\/div>\n\t\t\t\t\t<\/div>\n\t\t<\/section>\n\t\t\t\t<\/div>\n\t\t","protected":false},"excerpt":{"rendered":"<p>La Uni\u00f3n Nacional de Trabajadores del SENA \u2013 UNALTRASENA, a trav\u00e9s de sus Secretar\u00edas de Educaci\u00f3n (Junta Nacional y Subdirectivas), extiende una cordial invitaci\u00f3n a toda la comunidad de trabajadores de la entidad para participar en una jornada de formaci\u00f3n fundamental para nuestro desarrollo profesional. Se trata de una Capacitaci\u00f3n Exclusiva sobre la Evaluaci\u00f3n del [&hellip;]<\/p>\n","protected":false},"author":1,"featured_media":2226,"comment_status":"closed","ping_status":"closed","sticky":false,"template":"","format":"standard","meta":{"om_disable_all_campaigns":false,"_monsterinsights_skip_tracking":false,"_monsterinsights_sitenote_active":false,"_monsterinsights_sitenote_note":"","_monsterinsights_sitenote_category":0,"footnotes":""},"categories":[1],"tags":[],"class_list":["post-2207","post","type-post","status-publish","format-standard","has-post-thumbnail","hentry","category-otros","entry","has-media"],"aioseo_notices":[],"_links":{"self":[{"href":"https:\/\/unaltrasena.com\/index.php\/wp-json\/wp\/v2\/posts\/2207","targetHints":{"allow":["GET"]}}],"collection":[{"href":"https:\/\/unaltrasena.com\/index.php\/wp-json\/wp\/v2\/posts"}],"about":[{"href":"https:\/\/unaltrasena.com\/index.php\/wp-json\/wp\/v2\/types\/post"}],"author":[{"embeddable":true,"href":"https:\/\/unaltrasena.com\/index.php\/wp-json\/wp\/v2\/users\/1"}],"replies":[{"embeddable":true,"href":"https:\/\/unaltrasena.com\/index.php\/wp-json\/wp\/v2\/comments?post=2207"}],"version-history":[{"count":17,"href":"https:\/\/unaltrasena.com\/index.php\/wp-json\/wp\/v2\/posts\/2207\/revisions"}],"predecessor-version":[{"id":2225,"href":"https:\/\/unaltrasena.com\/index.php\/wp-json\/wp\/v2\/posts\/2207\/revisions\/2225"}],"wp:featuredmedia":[{"embeddable":true,"href":"https:\/\/unaltrasena.com\/index.php\/wp-json\/wp\/v2\/media\/2226"}],"wp:attachment":[{"href":"https:\/\/unaltrasena.com\/index.php\/wp-json\/wp\/v2\/media?parent=2207"}],"wp:term":[{"taxonomy":"category","embeddable":true,"href":"https:\/\/unaltrasena.com\/index.php\/wp-json\/wp\/v2\/categories?post=2207"},{"taxonomy":"post_tag","embeddable":true,"href":"https:\/\/unaltrasena.com\/index.php\/wp-json\/wp\/v2\/tags?post=2207"}],"curies":[{"name":"wp","href":"https:\/\/api.w.org\/{rel}","templated":true}]}}