{"id":2229,"date":"2025-12-17T09:17:09","date_gmt":"2025-12-17T14:17:09","guid":{"rendered":"https:\/\/unaltrasena.com\/?p=2229"},"modified":"2025-12-17T09:24:37","modified_gmt":"2025-12-17T14:24:37","slug":"el-sena-y-su-relacion-de-cooperacion-y-colaboracion-con-la-educacion-superior","status":"publish","type":"post","link":"https:\/\/unaltrasena.com\/index.php\/2025\/12\/17\/el-sena-y-su-relacion-de-cooperacion-y-colaboracion-con-la-educacion-superior\/","title":{"rendered":"El SENA y su relaci\u00f3n de cooperaci\u00f3n y colaboraci\u00f3n con la Educaci\u00f3n Superior"},"content":{"rendered":"\t\t<div data-elementor-type=\"wp-post\" data-elementor-id=\"2229\" class=\"elementor elementor-2229\">\n\t\t\t\t\t\t<section class=\"elementor-section elementor-top-section elementor-element elementor-element-0c6c9a5 elementor-section-boxed elementor-section-height-default elementor-section-height-default\" data-id=\"0c6c9a5\" data-element_type=\"section\">\n\t\t\t\t\t\t<div class=\"elementor-container elementor-column-gap-default\">\n\t\t\t\t\t<div class=\"elementor-column elementor-col-100 elementor-top-column elementor-element elementor-element-37a98dc\" data-id=\"37a98dc\" data-element_type=\"column\">\n\t\t\t<div class=\"elementor-widget-wrap elementor-element-populated\">\n\t\t\t\t\t\t<section class=\"elementor-section elementor-inner-section elementor-element elementor-element-6f46056 elementor-section-boxed elementor-section-height-default elementor-section-height-default\" data-id=\"6f46056\" data-element_type=\"section\">\n\t\t\t\t\t\t<div class=\"elementor-container elementor-column-gap-default\">\n\t\t\t\t\t<div class=\"elementor-column elementor-col-50 elementor-inner-column elementor-element elementor-element-00870b0\" data-id=\"00870b0\" data-element_type=\"column\">\n\t\t\t<div class=\"elementor-widget-wrap elementor-element-populated\">\n\t\t\t\t\t\t<div class=\"elementor-element elementor-element-2b4f46e elementor-widget elementor-widget-text-editor\" data-id=\"2b4f46e\" data-element_type=\"widget\" data-widget_type=\"text-editor.default\">\n\t\t\t\t<div class=\"elementor-widget-container\">\n\t\t\t\t\t\t\t<p class=\"MsoNormal\" style=\"text-align: justify;\"><span lang=\"ES\" style=\"font-size: 11.0pt; line-height: 115%; font-family: 'Calibri',sans-serif; mso-ansi-language: ES;\">En la segunda mitad del siglo 20 \u2013 Era Industrial, adem\u00e1s del sector Defensa, Salud\/Red Hospitalaria y sector de la Construcci\u00f3n; el SENA, fue la Entidad p\u00fablica que m\u00e1s invirti\u00f3 en Colombia en importaci\u00f3n de Tecnolog\u00eda aplicada a la Formaci\u00f3n Profesional. De Inglaterra; convenio SENA &#8211; Reino Unido, para la l\u00ednea frutales y especies menores. Alemania; convenio SENA &#8211; Colombo Alem\u00e1n, en aviaci\u00f3n, MANESMAN, SIEMENS y FESTO para la l\u00ednea Metalmec\u00e1nica, Electricidad, Metalurgia, Artes Gr\u00e1ficas, e inyecci\u00f3n de pl\u00e1sticos. Convenio SENA &#8211; las ENIL En Francia, para el sector pecuario\/l\u00e1cteo, Convenio SENA \u2013 Francia (escuelas; Le Cordon Bleu, Institut Paul Bocuse, Ferrandi Paris, Ecole Ducasse y Lenotre; para Cocina y Gastronom\u00eda). Convenio SENA COLOMBO ITALIANO para l\u00edneas de cocina y metrolog\u00eda. Colombia \u2013 Israel, l\u00ednea agr\u00edcola y sistemas de riego, Convenio SENA-Espa\u00f1a, entre otros, que permitieron a la entidad dotar a los centros de formaci\u00f3n de la maquinaria, equipos y laboratorios, necesarios para dar respuesta a la formaci\u00f3n profesional que requer\u00eda el sector productivo de la \u00e9poca (era industrial).<\/span><\/p><p>\u00a0<\/p><p class=\"MsoNormal\" style=\"text-align: justify;\"><span lang=\"ES\" style=\"font-size: 11.0pt; line-height: 115%; font-family: 'Calibri',sans-serif; mso-ansi-language: ES;\">En ese momento, las universidades no dispon\u00edan de los suficientes recursos para hacer lo propio, por lo que decidieron suscribir Convenios de Contraprestaci\u00f3n de Servicios con el SENA, donde pod\u00edan beneficiar a sus estudiantes de las practicas t\u00e9cnicas y tecnol\u00f3gicas en los talleres y laboratorios del SENA. A cambio, nuestra entidad recibi\u00f3 de parte de las Universidades, becas hasta del 100% del valor de la matricula, lo que permiti\u00f3 la profesionalizaci\u00f3n de los docentes de la entidad y atender los programas de bienestar a funcionarios y a sus hijos.<\/span><\/p>\t\t\t\t\t\t<\/div>\n\t\t\t\t<\/div>\n\t\t\t\t\t<\/div>\n\t\t<\/div>\n\t\t\t\t<div class=\"elementor-column elementor-col-50 elementor-inner-column elementor-element elementor-element-15bf4d3\" data-id=\"15bf4d3\" data-element_type=\"column\">\n\t\t\t<div class=\"elementor-widget-wrap elementor-element-populated\">\n\t\t\t\t\t\t<div class=\"elementor-element elementor-element-61320f4 elementor-widget elementor-widget-text-editor\" data-id=\"61320f4\" data-element_type=\"widget\" data-widget_type=\"text-editor.default\">\n\t\t\t\t<div class=\"elementor-widget-container\">\n\t\t\t\t\t\t\t<p>En el siglo 21 &#8211; sociedad del Conocimiento, con la llegada de nuevas tecnolog\u00edas (internet, buscadores, aplicaciones, simuladores etc), las Universidades incorporaron estas herramientas a sus modelos pedag\u00f3gicos, estructuras curriculares y estrategias did\u00e1cticas, lo que hizo que la capacidad t\u00e9cnica y tecnolog\u00eda ofrecida por el SENA, ya no resultara tan indispensable, lo cual debilito la necesidad de contraprestaci\u00f3n de Servicios, llevando a la inacci\u00f3n del convenio marco suscrito con varias universidades.<\/p><p>Este a\u00f1o, a iniciativa de la rector\u00eda de la Universidad la Gran Colombia, cuyo convenio hasta 2022, oper\u00f3 satisfactoriamente por m\u00e1s de 40 a\u00f1os; con el apoyo y gesti\u00f3n de UNALTRASENA, logr\u00f3 la suscripci\u00f3n del Convenio Marco de Cooperaci\u00f3n T\u00e9cnica con el SENA Regional Distrito capital, cuyo prop\u00f3sito ya no obedece a las necesidades de la era industrial del siglo 20, ni tampoco al tradicional inter\u00e9s de la cadena de formaci\u00f3n y profesionalizaci\u00f3n de los aprendices del SENA, sino que busca es el beneficio mutuo interinstitucional; en innovaci\u00f3n, investigaci\u00f3n, desarrollo tecnol\u00f3gico, emprendimiento, empresarismo, aviaci\u00f3n, drones y tecnolog\u00eda satelital, AI, programaci\u00f3n, incubadora de empresas con base tecnol\u00f3gica y perspectiva laboral y empresarial, Cocina, turismo y recreaci\u00f3n y desarrollo de competencias comunicativas, en el prop\u00f3sito de hacer de nuestros aprendices, excelentes t\u00e9cnicos, con especializaci\u00f3n y maestr\u00eda t\u00e9cnica, en su l\u00ednea de formaci\u00f3n.<\/p><p>Unaltrasena, expresa su reconocimiento y felicitaciones al Director del SENA Regional Distrito Capital y a la Universidad la Gran Colombia, por este avance en el principio de cooperaci\u00f3n y colaboraci\u00f3n interinstitucional y hace un llamado a la Direcci\u00f3n General del SENA, a replicar esta experiencia de suma de valor a la calidad de la formaci\u00f3n y al sistema educativo, con las universidades m\u00e1s reconocidas en el pais.<\/p>\t\t\t\t\t\t<\/div>\n\t\t\t\t<\/div>\n\t\t\t\t\t<\/div>\n\t\t<\/div>\n\t\t\t\t\t<\/div>\n\t\t<\/section>\n\t\t\t\t\t<\/div>\n\t\t<\/div>\n\t\t\t\t\t<\/div>\n\t\t<\/section>\n\t\t\t\t<\/div>\n\t\t","protected":false},"excerpt":{"rendered":"<p>En la segunda mitad del siglo 20 \u2013 Era Industrial, adem\u00e1s del sector Defensa, Salud\/Red Hospitalaria y sector de la Construcci\u00f3n; el SENA, fue la Entidad p\u00fablica que m\u00e1s invirti\u00f3 en Colombia en importaci\u00f3n de Tecnolog\u00eda aplicada a la Formaci\u00f3n Profesional. De Inglaterra; convenio SENA &#8211; Reino Unido, para la l\u00ednea frutales y especies menores. [&hellip;]<\/p>\n","protected":false},"author":1,"featured_media":2234,"comment_status":"open","ping_status":"open","sticky":false,"template":"","format":"standard","meta":{"om_disable_all_campaigns":false,"_monsterinsights_skip_tracking":false,"_monsterinsights_sitenote_active":false,"_monsterinsights_sitenote_note":"","_monsterinsights_sitenote_category":0,"footnotes":""},"categories":[1],"tags":[],"class_list":["post-2229","post","type-post","status-publish","format-standard","has-post-thumbnail","hentry","category-otros","entry","has-media"],"aioseo_notices":[],"_links":{"self":[{"href":"https:\/\/unaltrasena.com\/index.php\/wp-json\/wp\/v2\/posts\/2229","targetHints":{"allow":["GET"]}}],"collection":[{"href":"https:\/\/unaltrasena.com\/index.php\/wp-json\/wp\/v2\/posts"}],"about":[{"href":"https:\/\/unaltrasena.com\/index.php\/wp-json\/wp\/v2\/types\/post"}],"author":[{"embeddable":true,"href":"https:\/\/unaltrasena.com\/index.php\/wp-json\/wp\/v2\/users\/1"}],"replies":[{"embeddable":true,"href":"https:\/\/unaltrasena.com\/index.php\/wp-json\/wp\/v2\/comments?post=2229"}],"version-history":[{"count":4,"href":"https:\/\/unaltrasena.com\/index.php\/wp-json\/wp\/v2\/posts\/2229\/revisions"}],"predecessor-version":[{"id":2233,"href":"https:\/\/unaltrasena.com\/index.php\/wp-json\/wp\/v2\/posts\/2229\/revisions\/2233"}],"wp:featuredmedia":[{"embeddable":true,"href":"https:\/\/unaltrasena.com\/index.php\/wp-json\/wp\/v2\/media\/2234"}],"wp:attachment":[{"href":"https:\/\/unaltrasena.com\/index.php\/wp-json\/wp\/v2\/media?parent=2229"}],"wp:term":[{"taxonomy":"category","embeddable":true,"href":"https:\/\/unaltrasena.com\/index.php\/wp-json\/wp\/v2\/categories?post=2229"},{"taxonomy":"post_tag","embeddable":true,"href":"https:\/\/unaltrasena.com\/index.php\/wp-json\/wp\/v2\/tags?post=2229"}],"curies":[{"name":"wp","href":"https:\/\/api.w.org\/{rel}","templated":true}]}}