{"id":2235,"date":"2025-12-17T09:28:07","date_gmt":"2025-12-17T14:28:07","guid":{"rendered":"https:\/\/unaltrasena.com\/?p=2235"},"modified":"2025-12-17T09:50:44","modified_gmt":"2025-12-17T14:50:44","slug":"unaltrasena-compromiso-transparencia-y-fortalecimiento-del-talento-humano","status":"publish","type":"post","link":"https:\/\/unaltrasena.com\/index.php\/2025\/12\/17\/unaltrasena-compromiso-transparencia-y-fortalecimiento-del-talento-humano\/","title":{"rendered":"Unaltrasena: Compromiso, Transparencia y Fortalecimiento del Talento Humano"},"content":{"rendered":"\t\t<div data-elementor-type=\"wp-post\" data-elementor-id=\"2235\" class=\"elementor elementor-2235\">\n\t\t\t\t\t\t<section class=\"elementor-section elementor-top-section elementor-element elementor-element-784783e elementor-section-boxed elementor-section-height-default elementor-section-height-default\" data-id=\"784783e\" data-element_type=\"section\">\n\t\t\t\t\t\t<div class=\"elementor-container elementor-column-gap-default\">\n\t\t\t\t\t<div class=\"elementor-column elementor-col-100 elementor-top-column elementor-element elementor-element-7a75cc2\" data-id=\"7a75cc2\" data-element_type=\"column\">\n\t\t\t<div class=\"elementor-widget-wrap elementor-element-populated\">\n\t\t\t\t\t\t<section class=\"elementor-section elementor-inner-section elementor-element elementor-element-cdef317 elementor-section-boxed elementor-section-height-default elementor-section-height-default\" data-id=\"cdef317\" data-element_type=\"section\">\n\t\t\t\t\t\t<div class=\"elementor-container elementor-column-gap-default\">\n\t\t\t\t\t<div class=\"elementor-column elementor-col-50 elementor-inner-column elementor-element elementor-element-1d1b27b\" data-id=\"1d1b27b\" data-element_type=\"column\">\n\t\t\t<div class=\"elementor-widget-wrap elementor-element-populated\">\n\t\t\t\t\t\t<div class=\"elementor-element elementor-element-ae987b7 elementor-widget elementor-widget-text-editor\" data-id=\"ae987b7\" data-element_type=\"widget\" data-widget_type=\"text-editor.default\">\n\t\t\t\t<div class=\"elementor-widget-container\">\n\t\t\t\t\t\t\t<p data-path-to-node=\"3\">La organizaci\u00f3n sindical <b>Unaltrasena<\/b>, fiel a sus principios de transparencia y dinamismo, reafirma su compromiso con el bienestar de sus colaboradores y la excelencia institucional. Bajo una visi\u00f3n que prioriza la rendici\u00f3n de cuentas y la participaci\u00f3n activa, la organizaci\u00f3n no solo act\u00faa como un veedor de los derechos laborales, sino como un actor estrat\u00e9gico en los procesos de socializaci\u00f3n, formaci\u00f3n y entrenamiento de los funcionarios de planta.<\/p><h3 data-path-to-node=\"4\">Participaci\u00f3n Estrat\u00e9gica en el Distrito Capital<\/h3><p data-path-to-node=\"5\">Este mes de diciembre ha sido un periodo de intensa actividad para la <b>Subdirectiva Distrito Capital<\/b>. Entendiendo que la actualizaci\u00f3n constante es la base de un servicio p\u00fablico de calidad, Unaltrasena particip\u00f3 de manera protag\u00f3nica en las <b>jornadas de reinducci\u00f3n<\/b> dise\u00f1adas para el personal administrativo y el cuerpo de instructores.<\/p><p data-path-to-node=\"6\">Estas jornadas, llevadas a cabo los d\u00edas <b>4 y 11 de diciembre<\/b>, se consolidaron como espacios vitales para el intercambio de conocimientos y la alineaci\u00f3n de objetivos pedag\u00f3gicos y administrativos. Durante estos encuentros, la organizaci\u00f3n subray\u00f3 la importancia de la <b>armonizaci\u00f3n laboral<\/b>, asegurando que el talento humano cuente con las herramientas necesarias para enfrentar los desaf\u00edos de una entidad en constante evoluci\u00f3n. La presencia de Unaltrasena en estos escenarios garantiza que la voz de los trabajadores sea escuchada en los procesos de mejora continua.<\/p><h3 data-path-to-node=\"7\">El Cierre de Gesti\u00f3n: Logros y Proyecciones hacia 2026<\/h3><p data-path-to-node=\"8\">Para culminar un a\u00f1o de gesti\u00f3n dedicada, el pasado <b>12 de diciembre<\/b> se llev\u00f3 a cabo un evento significativo que reuni\u00f3 a afiliados y miembros de la comunidad educativa en un desayuno de fraternidad. Este espacio fue mucho m\u00e1s que un encuentro social; represent\u00f3 un ejercicio de <b>democracia interna y transparencia administrativa<\/b>.<\/p><p data-path-to-node=\"9\">Durante el evento, se present\u00f3 el <b>Informe de Rendici\u00f3n de Cuentas<\/b>, un documento detallado donde se compartieron de manera abierta los hitos alcanzados durante el periodo actual. Entre los puntos destacados se incluyeron:<\/p><ul data-path-to-node=\"10\"><li><p data-path-to-node=\"10,0,0\"><b>Logros alcanzados:<\/b> Avances en las negociaciones colectivas, mejoras en las condiciones de bienestar y el fortalecimiento de la seguridad laboral.<\/p><\/li><li><p data-path-to-node=\"10,1,0\"><b>Retos superados:<\/b> La capacidad de resiliencia frente a los cambios estructurales de la entidad y la defensa t\u00e9cnica de los perfiles profesionales.<\/p><\/li><li><p data-path-to-node=\"10,2,0\"><b>Compromisos para el 2026:<\/b> Una hoja de ruta clara enfocada en la modernizaci\u00f3n de los procesos de capacitaci\u00f3n, la defensa de la estabilidad laboral y el fomento de un clima organizacional saludable.<\/p><\/li><\/ul><p data-path-to-node=\"15\">\u00a0<\/p>\t\t\t\t\t\t<\/div>\n\t\t\t\t<\/div>\n\t\t\t\t\t<\/div>\n\t\t<\/div>\n\t\t\t\t<div class=\"elementor-column elementor-col-50 elementor-inner-column elementor-element elementor-element-00b5495\" data-id=\"00b5495\" data-element_type=\"column\">\n\t\t\t<div class=\"elementor-widget-wrap elementor-element-populated\">\n\t\t\t\t\t\t<div class=\"elementor-element elementor-element-c21019c elementor-widget elementor-widget-text-editor\" data-id=\"c21019c\" data-element_type=\"widget\" data-widget_type=\"text-editor.default\">\n\t\t\t\t<div class=\"elementor-widget-container\">\n\t\t\t\t\t\t\t<h3 data-path-to-node=\"11\">Cultura y Comunidad: Un V\u00ednculo Indisoluble<\/h3><p data-path-to-node=\"12\">La jornada de rendici\u00f3n de cuentas estuvo enriquecida por la participaci\u00f3n del <b>Grupo de Arte y Cultura del Centro de Formaci\u00f3n Metrolog\u00eda<\/b>. Su muestra cultural no solo ameniz\u00f3 el encuentro, sino que record\u00f3 a todos los asistentes que la identidad de Unaltrasena est\u00e1 profundamente ligada al talento y la creatividad de sus aprendices y funcionarios. Este despliegue art\u00edstico simboliza la visi\u00f3n integral de la organizaci\u00f3n: el desarrollo humano no es solo t\u00e9cnico o administrativo, sino tambi\u00e9n sensible y social.<\/p><h3 data-path-to-node=\"13\">Conclusi\u00f3n: Un Futuro de Armonizaci\u00f3n y Liderazgo<\/h3><p data-path-to-node=\"14\">Unaltrasena cierra este ciclo con la satisfacci\u00f3n del deber cumplido, pero con la mirada puesta en el horizonte. La organizaci\u00f3n sigue firmemente comprometida con los retos actuales que enfrenta la entidad, asumiendo un rol de liderazgo en los procesos de <b>desarrollo del talento humano<\/b>.<\/p><p data-path-to-node=\"15\">La meta para el pr\u00f3ximo a\u00f1o es clara: seguir construyendo un entorno donde la armonizaci\u00f3n entre las metas institucionales y el bienestar del trabajador sea el eje central. Con transparencia y dinamismo, Unaltrasena se proyecta hacia el 2026 como un pilar fundamental para el crecimiento de toda la comunidad educativa.<\/p>\t\t\t\t\t\t<\/div>\n\t\t\t\t<\/div>\n\t\t\t\t\t<\/div>\n\t\t<\/div>\n\t\t\t\t\t<\/div>\n\t\t<\/section>\n\t\t\t\t\t<\/div>\n\t\t<\/div>\n\t\t\t\t\t<\/div>\n\t\t<\/section>\n\t\t\t\t<\/div>\n\t\t","protected":false},"excerpt":{"rendered":"<p>La organizaci\u00f3n sindical Unaltrasena, fiel a sus principios de transparencia y dinamismo, reafirma su compromiso con el bienestar de sus colaboradores y la excelencia institucional. Bajo una visi\u00f3n que prioriza la rendici\u00f3n de cuentas y la participaci\u00f3n activa, la organizaci\u00f3n no solo act\u00faa como un veedor de los derechos laborales, sino como un actor estrat\u00e9gico [&hellip;]<\/p>\n","protected":false},"author":3,"featured_media":2246,"comment_status":"open","ping_status":"open","sticky":false,"template":"","format":"standard","meta":{"om_disable_all_campaigns":false,"_monsterinsights_skip_tracking":false,"_monsterinsights_sitenote_active":false,"_monsterinsights_sitenote_note":"","_monsterinsights_sitenote_category":0,"footnotes":""},"categories":[1],"tags":[],"class_list":["post-2235","post","type-post","status-publish","format-standard","has-post-thumbnail","hentry","category-otros","entry","has-media"],"aioseo_notices":[],"_links":{"self":[{"href":"https:\/\/unaltrasena.com\/index.php\/wp-json\/wp\/v2\/posts\/2235","targetHints":{"allow":["GET"]}}],"collection":[{"href":"https:\/\/unaltrasena.com\/index.php\/wp-json\/wp\/v2\/posts"}],"about":[{"href":"https:\/\/unaltrasena.com\/index.php\/wp-json\/wp\/v2\/types\/post"}],"author":[{"embeddable":true,"href":"https:\/\/unaltrasena.com\/index.php\/wp-json\/wp\/v2\/users\/3"}],"replies":[{"embeddable":true,"href":"https:\/\/unaltrasena.com\/index.php\/wp-json\/wp\/v2\/comments?post=2235"}],"version-history":[{"count":6,"href":"https:\/\/unaltrasena.com\/index.php\/wp-json\/wp\/v2\/posts\/2235\/revisions"}],"predecessor-version":[{"id":2242,"href":"https:\/\/unaltrasena.com\/index.php\/wp-json\/wp\/v2\/posts\/2235\/revisions\/2242"}],"wp:featuredmedia":[{"embeddable":true,"href":"https:\/\/unaltrasena.com\/index.php\/wp-json\/wp\/v2\/media\/2246"}],"wp:attachment":[{"href":"https:\/\/unaltrasena.com\/index.php\/wp-json\/wp\/v2\/media?parent=2235"}],"wp:term":[{"taxonomy":"category","embeddable":true,"href":"https:\/\/unaltrasena.com\/index.php\/wp-json\/wp\/v2\/categories?post=2235"},{"taxonomy":"post_tag","embeddable":true,"href":"https:\/\/unaltrasena.com\/index.php\/wp-json\/wp\/v2\/tags?post=2235"}],"curies":[{"name":"wp","href":"https:\/\/api.w.org\/{rel}","templated":true}]}}