{"id":2247,"date":"2025-12-17T09:52:29","date_gmt":"2025-12-17T14:52:29","guid":{"rendered":"https:\/\/unaltrasena.com\/?p=2247"},"modified":"2025-12-17T10:00:50","modified_gmt":"2025-12-17T15:00:50","slug":"reinduccion-institucional-fortaleciendo-el-trabajo-de-administrativos-e-instructores","status":"publish","type":"post","link":"https:\/\/unaltrasena.com\/index.php\/2025\/12\/17\/reinduccion-institucional-fortaleciendo-el-trabajo-de-administrativos-e-instructores\/","title":{"rendered":"Reinducci\u00f3n institucional: fortaleciendo el trabajo de administrativos e instructores"},"content":{"rendered":"\t\t<div data-elementor-type=\"wp-post\" data-elementor-id=\"2247\" class=\"elementor elementor-2247\">\n\t\t\t\t\t\t<section class=\"elementor-section elementor-top-section elementor-element elementor-element-8a683a0 elementor-section-boxed elementor-section-height-default elementor-section-height-default\" data-id=\"8a683a0\" data-element_type=\"section\">\n\t\t\t\t\t\t<div class=\"elementor-container elementor-column-gap-default\">\n\t\t\t\t\t<div class=\"elementor-column elementor-col-100 elementor-top-column elementor-element elementor-element-8283d4b\" data-id=\"8283d4b\" data-element_type=\"column\">\n\t\t\t<div class=\"elementor-widget-wrap elementor-element-populated\">\n\t\t\t\t\t\t<section class=\"elementor-section elementor-inner-section elementor-element elementor-element-206053f elementor-section-boxed elementor-section-height-default elementor-section-height-default\" data-id=\"206053f\" data-element_type=\"section\">\n\t\t\t\t\t\t<div class=\"elementor-container elementor-column-gap-default\">\n\t\t\t\t\t<div class=\"elementor-column elementor-col-50 elementor-inner-column elementor-element elementor-element-40109c7\" data-id=\"40109c7\" data-element_type=\"column\">\n\t\t\t<div class=\"elementor-widget-wrap elementor-element-populated\">\n\t\t\t\t\t\t<div class=\"elementor-element elementor-element-4a86d30 elementor-widget elementor-widget-text-editor\" data-id=\"4a86d30\" data-element_type=\"widget\" data-widget_type=\"text-editor.default\">\n\t\t\t\t<div class=\"elementor-widget-container\">\n\t\t\t\t\t\t\t<p>UnaltraSena, desde una perspectiva transparente, participativa y din\u00e1mica, contin\u00faa fortaleciendo su compromiso con la rendici\u00f3n de cuentas y la participaci\u00f3n activa en los distintos escenarios de socializaci\u00f3n, formaci\u00f3n y entrenamiento dirigidos a los funcionarios de planta de la Entidad.<\/p><p>Durante el mes de diciembre, la Subdirectiva Distrito Capital particip\u00f3 activamente en dos jornadas de reinducci\u00f3n dirigidas a administrativos e instructores, realizadas los d\u00edas 4 y 11 de diciembre, espacios orientados a fortalecer el conocimiento institucional, promover el sentido de pertenencia y reafirmar los principios que rigen el quehacer del SENA y de su organizaci\u00f3n sindical.<\/p><p>Como cierre de esta importante gesti\u00f3n, el 12 de diciembre se llev\u00f3 a cabo un desayuno de integraci\u00f3n para afiliados y miembros de la comunidad educativa, escenario en el cual se present\u00f3 el informe de rendici\u00f3n de cuentas, mediante el cual Unaltrasena socializ\u00f3 con sus afiliados y la comunidad educativa los principales logros alcanzados, los retos identificados y los compromisos proyectados para el <\/p>\t\t\t\t\t\t<\/div>\n\t\t\t\t<\/div>\n\t\t\t\t\t<\/div>\n\t\t<\/div>\n\t\t\t\t<div class=\"elementor-column elementor-col-50 elementor-inner-column elementor-element elementor-element-f909d16\" data-id=\"f909d16\" data-element_type=\"column\">\n\t\t\t<div class=\"elementor-widget-wrap elementor-element-populated\">\n\t\t\t\t\t\t<div class=\"elementor-element elementor-element-12c885d elementor-widget elementor-widget-text-editor\" data-id=\"12c885d\" data-element_type=\"widget\" data-widget_type=\"text-editor.default\">\n\t\t\t\t<div class=\"elementor-widget-container\">\n\t\t\t\t\t\t\t<p>a\u00f1o 2026. Este ejercicio reafirma el compromiso de la organizaci\u00f3n con la transparencia, la participaci\u00f3n y la construcci\u00f3n colectiva.<\/p><p>El encuentro cont\u00f3, adem\u00e1s, con una destacada muestra cultural a cargo del grupo de arte y cultura del Centro de Formaci\u00f3n Metrolog\u00eda, la cual aport\u00f3 un componente art\u00edstico y de integraci\u00f3n que enriqueci\u00f3 la jornada y fortaleci\u00f3 los lazos de comunidad.<\/p><p>Unaltrasena ratifica su compromiso permanente con los desaf\u00edos actuales de la Entidad, as\u00ed como con los procesos de armonizaci\u00f3n institucional y desarrollo integral del talento humano, contribuyendo al fortalecimiento del SENA y al bienestar de sus trabajadores.<\/p>\t\t\t\t\t\t<\/div>\n\t\t\t\t<\/div>\n\t\t\t\t\t<\/div>\n\t\t<\/div>\n\t\t\t\t\t<\/div>\n\t\t<\/section>\n\t\t\t\t\t<\/div>\n\t\t<\/div>\n\t\t\t\t\t<\/div>\n\t\t<\/section>\n\t\t\t\t<\/div>\n\t\t","protected":false},"excerpt":{"rendered":"<p>UnaltraSena, desde una perspectiva transparente, participativa y din\u00e1mica, contin\u00faa fortaleciendo su compromiso con la rendici\u00f3n de cuentas y la participaci\u00f3n activa en los distintos escenarios de socializaci\u00f3n, formaci\u00f3n y entrenamiento dirigidos a los funcionarios de planta de la Entidad. Durante el mes de diciembre, la Subdirectiva Distrito Capital particip\u00f3 activamente en dos jornadas de reinducci\u00f3n [&hellip;]<\/p>\n","protected":false},"author":3,"featured_media":2252,"comment_status":"open","ping_status":"open","sticky":false,"template":"","format":"standard","meta":{"om_disable_all_campaigns":false,"_monsterinsights_skip_tracking":false,"_monsterinsights_sitenote_active":false,"_monsterinsights_sitenote_note":"","_monsterinsights_sitenote_category":0,"footnotes":""},"categories":[1],"tags":[],"class_list":["post-2247","post","type-post","status-publish","format-standard","has-post-thumbnail","hentry","category-otros","entry","has-media"],"aioseo_notices":[],"_links":{"self":[{"href":"https:\/\/unaltrasena.com\/index.php\/wp-json\/wp\/v2\/posts\/2247","targetHints":{"allow":["GET"]}}],"collection":[{"href":"https:\/\/unaltrasena.com\/index.php\/wp-json\/wp\/v2\/posts"}],"about":[{"href":"https:\/\/unaltrasena.com\/index.php\/wp-json\/wp\/v2\/types\/post"}],"author":[{"embeddable":true,"href":"https:\/\/unaltrasena.com\/index.php\/wp-json\/wp\/v2\/users\/3"}],"replies":[{"embeddable":true,"href":"https:\/\/unaltrasena.com\/index.php\/wp-json\/wp\/v2\/comments?post=2247"}],"version-history":[{"count":4,"href":"https:\/\/unaltrasena.com\/index.php\/wp-json\/wp\/v2\/posts\/2247\/revisions"}],"predecessor-version":[{"id":2251,"href":"https:\/\/unaltrasena.com\/index.php\/wp-json\/wp\/v2\/posts\/2247\/revisions\/2251"}],"wp:featuredmedia":[{"embeddable":true,"href":"https:\/\/unaltrasena.com\/index.php\/wp-json\/wp\/v2\/media\/2252"}],"wp:attachment":[{"href":"https:\/\/unaltrasena.com\/index.php\/wp-json\/wp\/v2\/media?parent=2247"}],"wp:term":[{"taxonomy":"category","embeddable":true,"href":"https:\/\/unaltrasena.com\/index.php\/wp-json\/wp\/v2\/categories?post=2247"},{"taxonomy":"post_tag","embeddable":true,"href":"https:\/\/unaltrasena.com\/index.php\/wp-json\/wp\/v2\/tags?post=2247"}],"curies":[{"name":"wp","href":"https:\/\/api.w.org\/{rel}","templated":true}]}}