{"id":2253,"date":"2025-12-17T10:03:56","date_gmt":"2025-12-17T15:03:56","guid":{"rendered":"https:\/\/unaltrasena.com\/?p=2253"},"modified":"2025-12-17T10:09:08","modified_gmt":"2025-12-17T15:09:08","slug":"mesa-de-trabajo-y-concertacion-con-la-direccion-general-del-sena","status":"publish","type":"post","link":"https:\/\/unaltrasena.com\/index.php\/2025\/12\/17\/mesa-de-trabajo-y-concertacion-con-la-direccion-general-del-sena\/","title":{"rendered":"Mesa de Trabajo y Concertaci\u00f3n con la Direcci\u00f3n General del SENA"},"content":{"rendered":"\t\t<div data-elementor-type=\"wp-post\" data-elementor-id=\"2253\" class=\"elementor elementor-2253\">\n\t\t\t\t\t\t<section class=\"elementor-section elementor-top-section elementor-element elementor-element-6916159 elementor-section-boxed elementor-section-height-default elementor-section-height-default\" data-id=\"6916159\" data-element_type=\"section\">\n\t\t\t\t\t\t<div class=\"elementor-container elementor-column-gap-default\">\n\t\t\t\t\t<div class=\"elementor-column elementor-col-100 elementor-top-column elementor-element elementor-element-0bd79ed\" data-id=\"0bd79ed\" data-element_type=\"column\">\n\t\t\t<div class=\"elementor-widget-wrap elementor-element-populated\">\n\t\t\t\t\t\t<section class=\"elementor-section elementor-inner-section elementor-element elementor-element-6cc5d0f elementor-section-boxed elementor-section-height-default elementor-section-height-default\" data-id=\"6cc5d0f\" data-element_type=\"section\">\n\t\t\t\t\t\t<div class=\"elementor-container elementor-column-gap-default\">\n\t\t\t\t\t<div class=\"elementor-column elementor-col-50 elementor-inner-column elementor-element elementor-element-f718fb0\" data-id=\"f718fb0\" data-element_type=\"column\">\n\t\t\t<div class=\"elementor-widget-wrap elementor-element-populated\">\n\t\t\t\t\t\t<div class=\"elementor-element elementor-element-e220d49 elementor-widget elementor-widget-text-editor\" data-id=\"e220d49\" data-element_type=\"widget\" data-widget_type=\"text-editor.default\">\n\t\t\t\t<div class=\"elementor-widget-container\">\n\t\t\t\t\t\t\t<p>En el marco de la defensa de los derechos laborales y el fortalecimiento de la organizaci\u00f3n sindical, se desarroll\u00f3 una mesa de trabajo con la Direcci\u00f3n General del SENA, como escenario de di\u00e1logo y exigibilidad frente a las problem\u00e1ticas que afectan a los trabajadores y trabajadoras de la Entidad.<\/p><p>Durante la jornada, la organizaci\u00f3n sindical expuso de manera clara y argumentada las principales inquietudes relacionadas con las condiciones laborales, la estabilidad en el empleo, la carga laboral y el respeto a los acuerdos previamente establecidos, reiterando la necesidad de respuestas concretas y acciones efectivas por parte de la Administraci\u00f3n.<\/p><p>Este espacio reafirma el papel fundamental del sindicato como interlocutor leg\u00edtimo en la defensa colectiva de los derechos de los funcionarios, as\u00ed como la importancia de mantener abiertos los canales de di\u00e1logo, sin renunciar a la movilizaci\u00f3n, la vigilancia y el seguimiento permanente a los compromisos adquiridos.<\/p><p>Temas abordados en la Mesa de Trabajo<\/p><ol><li>Contrataci\u00f3n de Instructores<\/li><\/ol><p>En el marco de la mesa de trabajo, la organizaci\u00f3n sindical manifest\u00f3 su preocupaci\u00f3n frente al proceso de contrataci\u00f3n de instructores y solicit\u00f3 de manera urgente un informe detallado sobre el plan de contrataci\u00f3n para la vigencia 2026.<\/p><p>Dicho informe deber\u00e1 incluir la programaci\u00f3n de los instructores de planta, las necesidades del servicio que fundamenten eventuales contrataciones posteriores, el presupuesto asignado para este fin y el cronograma previsto para el desarrollo del proceso de contrataci\u00f3n.<\/p><p>Desde la organizaci\u00f3n sindical se reiter\u00f3 la importancia de garantizar transparencia, planeaci\u00f3n oportuna y el respeto por la planta de personal, evitando improvisaciones que afecten la calidad de la formaci\u00f3n y las condiciones laborales de los trabajadores y trabajadoras del SENA.<\/p><p>La organizaci\u00f3n sindical continuar\u00e1 impulsando estos escenarios de participaci\u00f3n, convencida de que la unidad, la organizaci\u00f3n y la acci\u00f3n colectiva son herramientas indispensables para la dignificaci\u00f3n del trabajo en el SENA.<\/p><ol start=\"2\"><li>Seguimiento a los aplicativos SOFIA Plus y Zajuna<\/li><\/ol><p>En desarrollo de la mesa de trabajo, la organizaci\u00f3n sindical solicit\u00f3 un informe detallado sobre la administraci\u00f3n, operaci\u00f3n y gesti\u00f3n de las plataformas SOFIA Plus y Zajuna, debido a las constantes afectaciones en la prestaci\u00f3n del servicio y su impacto directo en instructores, funcionarios y aprendices.<\/p><p>El informe requerido deber\u00e1 contemplar, de manera clara y desagregada, los siguientes aspectos:<\/p><p>Presupuesto asignado para el funcionamiento y mantenimiento de cada una de las plataformas.<\/p><p>Personal asignado para la operaci\u00f3n, especificando cargos y funciones en cada caso.<\/p><p>Reporte de las novedades presentadas en la prestaci\u00f3n del servicio y las acciones adelantadas para su soluci\u00f3n.<\/p><p>Resultados del estudio de impacto operacional aplicado a funcionarios y aprendices, relacionado con la operatividad de la plataforma Zajuna.<\/p><p>Informe detallado sobre el ingreso y uso de la plataforma Zajuna por parte de instructores y aprendices.<\/p><p>Informe sobre el estado real y actual de la plataforma Zajuna respecto a su estructura operacional.<\/p>\t\t\t\t\t\t<\/div>\n\t\t\t\t<\/div>\n\t\t\t\t\t<\/div>\n\t\t<\/div>\n\t\t\t\t<div class=\"elementor-column elementor-col-50 elementor-inner-column elementor-element elementor-element-85b9ee6\" data-id=\"85b9ee6\" data-element_type=\"column\">\n\t\t\t<div class=\"elementor-widget-wrap elementor-element-populated\">\n\t\t\t\t\t\t<div class=\"elementor-element elementor-element-c95d3b3 elementor-widget elementor-widget-text-editor\" data-id=\"c95d3b3\" data-element_type=\"widget\" data-widget_type=\"text-editor.default\">\n\t\t\t\t<div class=\"elementor-widget-container\">\n\t\t\t\t\t\t\t<p>\u00a0<\/p><ol start=\"3\"><li><strong> Programa Full Popular \u2013 Campesena<\/strong><\/li><\/ol><p>Durante el desarrollo de la mesa de trabajo, la organizaci\u00f3n sindical solicit\u00f3 la presentaci\u00f3n de un informe detallado sobre la situaci\u00f3n actual del Programa Full Popular \u2013 Campesena, dada la relevancia de esta estrategia para el cumplimiento de la misi\u00f3n social del SENA y su impacto en las comunidades rurales y populares.<\/p><p>El informe deber\u00e1 dar cuenta del presupuesto asignado para la vigencia 2025 y de su ejecuci\u00f3n real, as\u00ed como del impacto institucional y social del programa. De igual manera, se requiere informaci\u00f3n clara sobre el presupuesto asignado para la vigencia 2026 y la proyecci\u00f3n para la ejecuci\u00f3n de dichos recursos, con el fin de garantizar la continuidad, fortalecimiento y sostenibilidad del programa.<\/p><p>Desde la organizaci\u00f3n sindical se reiter\u00f3 la necesidad de asegurar una adecuada planeaci\u00f3n, transparencia en el manejo de los recursos p\u00fablicos y el compromiso institucional con una estrategia que contribuye de manera significativa al acceso a la formaci\u00f3n y al desarrollo social del pa\u00eds.<\/p><ol start=\"3\"><li><strong> Programa Full Popular \u2013 Campesena<\/strong><\/li><\/ol><p>En el marco de la mesa de trabajo, la organizaci\u00f3n sindical solicit\u00f3 un informe exhaustivo sobre el estado actual del Programa Full Popular \u2013 Campesena, reconociendo su importancia estrat\u00e9gica en el cumplimiento de la misi\u00f3n social del SENA y en el fortalecimiento de los procesos formativos dirigidos a comunidades rurales y sectores populares.<\/p><p>El informe requerido deber\u00e1 precisar el presupuesto asignado y la ejecuci\u00f3n real de los recursos correspondientes a la vigencia 2025, as\u00ed como el impacto institucional y social generado por el programa. De igual manera, se solicit\u00f3 informaci\u00f3n clara sobre el presupuesto proyectado para la vigencia 2026 y la planificaci\u00f3n prevista para su ejecuci\u00f3n, con el prop\u00f3sito de garantizar la continuidad, el fortalecimiento y la sostenibilidad de esta iniciativa.<\/p><p>La organizaci\u00f3n sindical reiter\u00f3 la necesidad de una planeaci\u00f3n responsable, transparencia en la administraci\u00f3n de los recursos p\u00fablicos y un compromiso institucional real con un programa que contribuye de manera significativa a la inclusi\u00f3n, la equidad y el desarrollo social del pa\u00eds.<\/p>\t\t\t\t\t\t<\/div>\n\t\t\t\t<\/div>\n\t\t\t\t\t<\/div>\n\t\t<\/div>\n\t\t\t\t\t<\/div>\n\t\t<\/section>\n\t\t\t\t\t<\/div>\n\t\t<\/div>\n\t\t\t\t\t<\/div>\n\t\t<\/section>\n\t\t\t\t<\/div>\n\t\t","protected":false},"excerpt":{"rendered":"<p>En el marco de la defensa de los derechos laborales y el fortalecimiento de la organizaci\u00f3n sindical, se desarroll\u00f3 una mesa de trabajo con la Direcci\u00f3n General del SENA, como escenario de di\u00e1logo y exigibilidad frente a las problem\u00e1ticas que afectan a los trabajadores y trabajadoras de la Entidad. Durante la jornada, la organizaci\u00f3n sindical [&hellip;]<\/p>\n","protected":false},"author":1,"featured_media":2258,"comment_status":"open","ping_status":"open","sticky":false,"template":"","format":"standard","meta":{"om_disable_all_campaigns":false,"_monsterinsights_skip_tracking":false,"_monsterinsights_sitenote_active":false,"_monsterinsights_sitenote_note":"","_monsterinsights_sitenote_category":0,"footnotes":""},"categories":[1],"tags":[],"class_list":["post-2253","post","type-post","status-publish","format-standard","has-post-thumbnail","hentry","category-otros","entry","has-media"],"aioseo_notices":[],"_links":{"self":[{"href":"https:\/\/unaltrasena.com\/index.php\/wp-json\/wp\/v2\/posts\/2253","targetHints":{"allow":["GET"]}}],"collection":[{"href":"https:\/\/unaltrasena.com\/index.php\/wp-json\/wp\/v2\/posts"}],"about":[{"href":"https:\/\/unaltrasena.com\/index.php\/wp-json\/wp\/v2\/types\/post"}],"author":[{"embeddable":true,"href":"https:\/\/unaltrasena.com\/index.php\/wp-json\/wp\/v2\/users\/1"}],"replies":[{"embeddable":true,"href":"https:\/\/unaltrasena.com\/index.php\/wp-json\/wp\/v2\/comments?post=2253"}],"version-history":[{"count":4,"href":"https:\/\/unaltrasena.com\/index.php\/wp-json\/wp\/v2\/posts\/2253\/revisions"}],"predecessor-version":[{"id":2257,"href":"https:\/\/unaltrasena.com\/index.php\/wp-json\/wp\/v2\/posts\/2253\/revisions\/2257"}],"wp:featuredmedia":[{"embeddable":true,"href":"https:\/\/unaltrasena.com\/index.php\/wp-json\/wp\/v2\/media\/2258"}],"wp:attachment":[{"href":"https:\/\/unaltrasena.com\/index.php\/wp-json\/wp\/v2\/media?parent=2253"}],"wp:term":[{"taxonomy":"category","embeddable":true,"href":"https:\/\/unaltrasena.com\/index.php\/wp-json\/wp\/v2\/categories?post=2253"},{"taxonomy":"post_tag","embeddable":true,"href":"https:\/\/unaltrasena.com\/index.php\/wp-json\/wp\/v2\/tags?post=2253"}],"curies":[{"name":"wp","href":"https:\/\/api.w.org\/{rel}","templated":true}]}}