{"id":2321,"date":"2026-03-14T09:34:06","date_gmt":"2026-03-14T14:34:06","guid":{"rendered":"https:\/\/unaltrasena.com\/?p=2321"},"modified":"2026-03-20T07:55:25","modified_gmt":"2026-03-20T12:55:25","slug":"analisis-del-relacionamiento-risaralda-avances-pendientes-y-el-compromiso-de-unaltrasena","status":"publish","type":"post","link":"https:\/\/unaltrasena.com\/index.php\/2026\/03\/14\/analisis-del-relacionamiento-risaralda-avances-pendientes-y-el-compromiso-de-unaltrasena\/","title":{"rendered":"An\u00e1lisis del Relacionamiento Risaralda: Avances, Pendientes y el Compromiso de Unaltrasena"},"content":{"rendered":"\t\t<div data-elementor-type=\"wp-post\" data-elementor-id=\"2321\" class=\"elementor elementor-2321\">\n\t\t\t\t\t\t<section class=\"elementor-section elementor-top-section elementor-element elementor-element-c4cf62f elementor-section-boxed elementor-section-height-default elementor-section-height-default\" data-id=\"c4cf62f\" data-element_type=\"section\">\n\t\t\t\t\t\t<div class=\"elementor-container elementor-column-gap-default\">\n\t\t\t\t\t<div class=\"elementor-column elementor-col-100 elementor-top-column elementor-element elementor-element-e21608b\" data-id=\"e21608b\" data-element_type=\"column\">\n\t\t\t<div class=\"elementor-widget-wrap elementor-element-populated\">\n\t\t\t\t\t\t<section class=\"elementor-section elementor-inner-section elementor-element elementor-element-7703f5a elementor-section-boxed elementor-section-height-default elementor-section-height-default\" data-id=\"7703f5a\" data-element_type=\"section\">\n\t\t\t\t\t\t<div class=\"elementor-container elementor-column-gap-default\">\n\t\t\t\t\t<div class=\"elementor-column elementor-col-50 elementor-inner-column elementor-element elementor-element-c2c4166\" data-id=\"c2c4166\" data-element_type=\"column\">\n\t\t\t<div class=\"elementor-widget-wrap elementor-element-populated\">\n\t\t\t\t\t\t<div class=\"elementor-element elementor-element-b5307ca elementor-widget elementor-widget-text-editor\" data-id=\"b5307ca\" data-element_type=\"widget\" data-widget_type=\"text-editor.default\">\n\t\t\t\t<div class=\"elementor-widget-container\">\n\t\t\t\t\t\t\t<p id=\"p-rc_031e73f15c2a20fb-31\" data-path-to-node=\"3\"><span data-path-to-node=\"3,1\"><span class=\"citation-63\">El pasado <\/span><b data-path-to-node=\"3,1\" data-index-in-node=\"10\"><span class=\"citation-63\">13 de febrero de 2026<\/span><\/b><span class=\"citation-63\">, se llev\u00f3 a cabo una jornada de relacionamiento en la regional Risaralda<\/span><\/span><span data-path-to-node=\"3,3\">. <\/span><span data-path-to-node=\"3,5\"><span class=\"citation-62\">En este espacio, que cont\u00f3 con la participaci\u00f3n de Leonor Rojas, Oscar Calderon y Eliseo Casta\u00f1eda por parte de <\/span><b data-path-to-node=\"3,5\" data-index-in-node=\"112\"><span class=\"citation-62\">Unaltrasena<\/span><\/b><\/span><span data-path-to-node=\"3,7\">, se pusieron sobre la mesa temas cr\u00edticos que afectan la operatividad de la entidad y el bienestar de sus funcionarios.<\/span><\/p><div class=\"source-inline-chip-container ng-star-inserted\">\u00a0<\/div><p data-path-to-node=\"4\">A continuaci\u00f3n, desglosamos los puntos clave de la reuni\u00f3n y nuestra posici\u00f3n frente a las respuestas obtenidas.<\/p><h2 data-path-to-node=\"6\">1. Inventarios: Una Depuraci\u00f3n que no Da Espera<\/h2><p id=\"p-rc_031e73f15c2a20fb-32\" data-path-to-node=\"7\"><span data-path-to-node=\"7,0\">Uno de los puntos de mayor fricci\u00f3n es la gesti\u00f3n de inventarios. <\/span><span data-path-to-node=\"7,2\"><span class=\"citation-61\">A pesar de los compromisos previos del coordinador de la Direcci\u00f3n Administrativa y Financiera, Flavio Ortiz Alarc\u00f3n, el informe detallado a\u00fan no se ha recibido de forma completa<\/span><\/span><span data-path-to-node=\"7,4\">.<\/span><\/p><ul data-path-to-node=\"8\"><li><p id=\"p-rc_031e73f15c2a20fb-33\" data-path-to-node=\"8,0,1\"><span data-path-to-node=\"8,0,1,0\"><b data-path-to-node=\"8,0,1,0\" data-index-in-node=\"0\"><span class=\"citation-60\">Lo que se exige:<\/span><\/b><span class=\"citation-60\"> Un an\u00e1lisis real del estado de los bienes, planes de trabajo para la depuraci\u00f3n de inventarios de afiliados y una ruta clara para dar de baja elementos sin vida \u00fatil<\/span><\/span><span data-path-to-node=\"8,0,1,2\">.<\/span><\/p><\/li><li><p id=\"p-rc_031e73f15c2a20fb-34\" data-path-to-node=\"8,1,1\"><span data-path-to-node=\"8,1,1,0\"><b data-path-to-node=\"8,1,1,0\" data-index-in-node=\"0\"><span class=\"citation-59\">Compromiso adquirido:<\/span><\/b><span class=\"citation-59\"> Se estableci\u00f3 el <\/span><b data-path-to-node=\"8,1,1,0\" data-index-in-node=\"39\"><span class=\"citation-59\">3 de marzo<\/span><\/b><span class=\"citation-59\"> como fecha l\u00edmite para depurar los inventarios de Arquitectura y Construcci\u00f3n, que son los \u00fanicos pendientes<\/span><\/span><span data-path-to-node=\"8,1,1,2\">.<\/span><\/p><\/li><li><p id=\"p-rc_031e73f15c2a20fb-34\" data-path-to-node=\"8,1,1\"><b style=\"font-size: 14px;\" data-path-to-node=\"9,0\" data-index-in-node=\"0\">Posici\u00f3n de Unaltrasena:<\/b><span style=\"font-size: 14px;\"> Es imperativo que la administraci\u00f3n cumpla con los plazos. No podemos permitir que la responsabilidad administrativa de los funcionarios se vea afectada por la falta de gesti\u00f3n en la baja de bienes obsoletos.<\/span><\/p><\/li><li><h2 data-path-to-node=\"11\">2. Servicio M\u00e9dico Asistencial: Entre la Contrataci\u00f3n y la Incertidumbre<\/h2><p id=\"p-rc_031e73f15c2a20fb-35\" data-path-to-node=\"12\"><span data-path-to-node=\"12,1\"><span class=\"citation-58\">La prestaci\u00f3n del servicio de salud es una preocupaci\u00f3n constante para nuestros afiliados<\/span><\/span><span data-path-to-node=\"12,3\">. <\/span><span data-path-to-node=\"12,5\"><span class=\"citation-57\">Durante la sesi\u00f3n, se solicit\u00f3 claridad sobre la contrataci\u00f3n de especialistas, laboratorios y la dispensaci\u00f3n de medicamentos<\/span><\/span><span data-path-to-node=\"12,7\">.<\/span><\/p><div class=\"source-inline-chip-container ng-star-inserted\">\u00a0<span style=\"font-size: 14px;\" data-path-to-node=\"13,0,1,0\"><b data-path-to-node=\"13,0,1,0\" data-index-in-node=\"0\"><span class=\"citation-56\">Estado actual:<\/span><\/b><span class=\"citation-56\"> A nivel nacional, ya se cuenta con la contrataci\u00f3n de m\u00e9dicos y odont\u00f3logos<\/span><\/span><span style=\"font-size: 14px;\" data-path-to-node=\"13,0,1,2\">. <\/span><span style=\"font-size: 14px;\" data-path-to-node=\"13,0,1,4\"><span class=\"citation-55\">Sin embargo, la entidad se encuentra ajustando las <\/span><b data-path-to-node=\"13,0,1,4\" data-index-in-node=\"51\"><span class=\"citation-55\">vigencias futuras<\/span><\/b><span class=\"citation-55\"> para garantizar que el servicio no se interrumpa al finalizar el a\u00f1o<\/span><\/span><span style=\"font-size: 14px;\" data-path-to-node=\"13,0,1,6\">.<\/span><\/div><ul data-path-to-node=\"13\"><li><div class=\"source-inline-chip-container ng-star-inserted\">\u00a0<b style=\"font-size: 14px;\" data-path-to-node=\"14\" data-index-in-node=\"0\">Unaltrasena seguir\u00e1 vigilante<\/b><span style=\"font-size: 14px;\"> para que los ajustes tarifarios y la administraci\u00f3n de cupos no se traduzcan en una disminuci\u00f3n de la calidad de atenci\u00f3n para el trabajador.<\/span><\/div><\/li><\/ul><\/li><\/ul>\t\t\t\t\t\t<\/div>\n\t\t\t\t<\/div>\n\t\t\t\t\t<\/div>\n\t\t<\/div>\n\t\t\t\t<div class=\"elementor-column elementor-col-50 elementor-inner-column elementor-element elementor-element-493d1a5\" data-id=\"493d1a5\" data-element_type=\"column\">\n\t\t\t<div class=\"elementor-widget-wrap elementor-element-populated\">\n\t\t\t\t\t\t<div class=\"elementor-element elementor-element-c1fe554 elementor-widget elementor-widget-text-editor\" data-id=\"c1fe554\" data-element_type=\"widget\" data-widget_type=\"text-editor.default\">\n\t\t\t\t<div class=\"elementor-widget-container\">\n\t\t\t\t\t\t\t<h2 data-path-to-node=\"16\">3. Materiales de Formaci\u00f3n y Talento Humano<\/h2><p id=\"p-rc_031e73f15c2a20fb-37\" data-path-to-node=\"17\"><span data-path-to-node=\"17,1\"><span class=\"citation-54\">La coherencia entre el presupuesto asignado, los materiales disponibles y el n\u00famero de instructores vinculados es vital para la calidad educativa<\/span><\/span><span data-path-to-node=\"17,3\">.<\/span><\/p><ul data-path-to-node=\"18\"><li><p id=\"p-rc_031e73f15c2a20fb-38\" data-path-to-node=\"18,0,1\"><span data-path-to-node=\"18,0,1,0\"><b data-path-to-node=\"18,0,1,0\" data-index-in-node=\"0\"><span class=\"citation-53\">Avance:<\/span><\/b><span class=\"citation-53\"> Se acord\u00f3 programar capacitaciones espec\u00edficas sobre procedimientos y gu\u00edas vigentes para los instructores de la regi\u00f3n<\/span><\/span><span data-path-to-node=\"18,0,1,2\">.<\/span><\/p><div class=\"source-inline-chip-container ng-star-inserted\">\u00a0<\/div><\/li><\/ul><h2 data-path-to-node=\"20\">4. El Desaf\u00edo Tecnol\u00f3gico: Zajuna, Betowa y el Horizonte 2026<\/h2><p id=\"p-rc_031e73f15c2a20fb-39\" data-path-to-node=\"21\"><span data-path-to-node=\"21,1\"><span class=\"citation-52\">Las fallas en las plataformas digitales siguen impidiendo el desarrollo normal de la formaci\u00f3n<\/span><\/span><span data-path-to-node=\"21,3\">. <\/span><span data-path-to-node=\"21,5\"><span class=\"citation-51\">La falta de una pol\u00edtica de contingencia clara deja a los instructores en un limbo operativo<\/span><\/span><span data-path-to-node=\"21,7\">.<\/span><\/p><h2 data-path-to-node=\"22\">Realidad T\u00e9cnica Actual:<\/h2><ul data-path-to-node=\"23\"><li><p id=\"p-rc_031e73f15c2a20fb-40\" data-path-to-node=\"23,0,0\"><span data-path-to-node=\"23,0,0,1\"><span class=\"citation-50\">Existen problemas cr\u00edticos en <\/span><b data-path-to-node=\"23,0,0,1\" data-index-in-node=\"30\"><span class=\"citation-50\">repositorios, canales de comunicaci\u00f3n y anchos de banda<\/span><\/b><span class=\"citation-50\"> debido al uso de lenguajes de programaci\u00f3n de diferentes \u00e9pocas<\/span><\/span><\/p><\/li><li><p id=\"p-rc_031e73f15c2a20fb-41\" data-path-to-node=\"23,1,0\"><span data-path-to-node=\"23,1,0,0\">Actualmente, el Ing. <\/span><span data-path-to-node=\"23,1,0,2\"><span class=\"citation-49\">Wilson Ramirez lidera tres &#8220;f\u00e1bricas de software&#8221; para solventar estos nudos t\u00e9cnicos<\/span><\/span><span data-path-to-node=\"23,1,0,4\">.<\/span><\/p><\/li><li><p id=\"p-rc_031e73f15c2a20fb-42\" data-path-to-node=\"23,2,1\"><span data-path-to-node=\"23,2,1,0\"><b data-path-to-node=\"23,2,1,0\" data-index-in-node=\"0\"><span class=\"citation-48\">Dato Clave:<\/span><\/b><span class=\"citation-48\"> Se tiene previsto el regreso total a la presencialidad en el mes de <\/span><b data-path-to-node=\"23,2,1,0\" data-index-in-node=\"80\"><span class=\"citation-48\">julio de 2026<\/span><\/b><\/span><span data-path-to-node=\"23,2,1,2\">.<\/span><\/p><\/li><\/ul><h2 data-path-to-node=\"25\">Conclusi\u00f3n: Nuestra Postura Constructiva<\/h2><p data-path-to-node=\"26\">Desde <b data-path-to-node=\"26\" data-index-in-node=\"6\">Unaltrasena<\/b>, valoramos la apertura al di\u00e1logo, pero enfatizamos que la voluntad pol\u00edtica debe transformarse en realidades t\u00e9cnicas y administrativas. La modernizaci\u00f3n de las plataformas y la transparencia en los inventarios no son solo tr\u00e1mites; son las herramientas que garantizan la dignidad laboral de nuestros compa\u00f1eros.<\/p><p data-path-to-node=\"27\"><b data-path-to-node=\"27\" data-index-in-node=\"0\">Seguiremos haciendo seguimiento estricto a los compromisos de marzo y julio.<\/b> La formaci\u00f3n profesional y la salud de los funcionarios no pueden esper.<\/p>\t\t\t\t\t\t<\/div>\n\t\t\t\t<\/div>\n\t\t\t\t\t<\/div>\n\t\t<\/div>\n\t\t\t\t\t<\/div>\n\t\t<\/section>\n\t\t\t\t\t<\/div>\n\t\t<\/div>\n\t\t\t\t\t<\/div>\n\t\t<\/section>\n\t\t\t\t<\/div>\n\t\t","protected":false},"excerpt":{"rendered":"<p>El pasado 13 de febrero de 2026, se llev\u00f3 a cabo una jornada de relacionamiento en la regional Risaralda. En este espacio, que cont\u00f3 con la participaci\u00f3n de Leonor Rojas, Oscar Calderon y Eliseo Casta\u00f1eda por parte de Unaltrasena, se pusieron sobre la mesa temas cr\u00edticos que afectan la operatividad de la entidad y el [&hellip;]<\/p>\n","protected":false},"author":1,"featured_media":2326,"comment_status":"closed","ping_status":"closed","sticky":false,"template":"","format":"standard","meta":{"om_disable_all_campaigns":false,"_monsterinsights_skip_tracking":false,"_monsterinsights_sitenote_active":false,"_monsterinsights_sitenote_note":"","_monsterinsights_sitenote_category":0,"footnotes":""},"categories":[1],"tags":[],"class_list":["post-2321","post","type-post","status-publish","format-standard","has-post-thumbnail","hentry","category-otros","entry","has-media"],"aioseo_notices":[],"_links":{"self":[{"href":"https:\/\/unaltrasena.com\/index.php\/wp-json\/wp\/v2\/posts\/2321","targetHints":{"allow":["GET"]}}],"collection":[{"href":"https:\/\/unaltrasena.com\/index.php\/wp-json\/wp\/v2\/posts"}],"about":[{"href":"https:\/\/unaltrasena.com\/index.php\/wp-json\/wp\/v2\/types\/post"}],"author":[{"embeddable":true,"href":"https:\/\/unaltrasena.com\/index.php\/wp-json\/wp\/v2\/users\/1"}],"replies":[{"embeddable":true,"href":"https:\/\/unaltrasena.com\/index.php\/wp-json\/wp\/v2\/comments?post=2321"}],"version-history":[{"count":10,"href":"https:\/\/unaltrasena.com\/index.php\/wp-json\/wp\/v2\/posts\/2321\/revisions"}],"predecessor-version":[{"id":2332,"href":"https:\/\/unaltrasena.com\/index.php\/wp-json\/wp\/v2\/posts\/2321\/revisions\/2332"}],"wp:featuredmedia":[{"embeddable":true,"href":"https:\/\/unaltrasena.com\/index.php\/wp-json\/wp\/v2\/media\/2326"}],"wp:attachment":[{"href":"https:\/\/unaltrasena.com\/index.php\/wp-json\/wp\/v2\/media?parent=2321"}],"wp:term":[{"taxonomy":"category","embeddable":true,"href":"https:\/\/unaltrasena.com\/index.php\/wp-json\/wp\/v2\/categories?post=2321"},{"taxonomy":"post_tag","embeddable":true,"href":"https:\/\/unaltrasena.com\/index.php\/wp-json\/wp\/v2\/tags?post=2321"}],"curies":[{"name":"wp","href":"https:\/\/api.w.org\/{rel}","templated":true}]}}