{"id":2333,"date":"2026-03-17T16:41:12","date_gmt":"2026-03-17T21:41:12","guid":{"rendered":"https:\/\/unaltrasena.com\/?p=2333"},"modified":"2026-04-06T18:43:43","modified_gmt":"2026-04-06T23:43:43","slug":"unaltrasena-avanza-en-la-articulacion-sindical-con-las-subdirectivas-bogota-y-cundinamarca","status":"publish","type":"post","link":"https:\/\/unaltrasena.com\/index.php\/2026\/03\/17\/unaltrasena-avanza-en-la-articulacion-sindical-con-las-subdirectivas-bogota-y-cundinamarca\/","title":{"rendered":"UNALTRASENA avanza en la articulaci\u00f3n sindical con las subdirectivas Bogot\u00e1 y Cundinamarca"},"content":{"rendered":"\t\t<div data-elementor-type=\"wp-post\" data-elementor-id=\"2333\" class=\"elementor elementor-2333\">\n\t\t\t\t\t\t<section class=\"elementor-section elementor-top-section elementor-element elementor-element-dc87fde elementor-section-boxed elementor-section-height-default elementor-section-height-default\" data-id=\"dc87fde\" data-element_type=\"section\">\n\t\t\t\t\t\t<div class=\"elementor-container elementor-column-gap-default\">\n\t\t\t\t\t<div class=\"elementor-column elementor-col-100 elementor-top-column elementor-element elementor-element-f046398\" data-id=\"f046398\" data-element_type=\"column\">\n\t\t\t<div class=\"elementor-widget-wrap elementor-element-populated\">\n\t\t\t\t\t\t<section class=\"elementor-section elementor-inner-section elementor-element elementor-element-7f765ca elementor-section-boxed elementor-section-height-default elementor-section-height-default\" data-id=\"7f765ca\" data-element_type=\"section\">\n\t\t\t\t\t\t<div class=\"elementor-container elementor-column-gap-default\">\n\t\t\t\t\t<div class=\"elementor-column elementor-col-50 elementor-inner-column elementor-element elementor-element-e203097\" data-id=\"e203097\" data-element_type=\"column\">\n\t\t\t<div class=\"elementor-widget-wrap elementor-element-populated\">\n\t\t\t\t\t\t<div class=\"elementor-element elementor-element-3c056b2 elementor-widget elementor-widget-text-editor\" data-id=\"3c056b2\" data-element_type=\"widget\" data-widget_type=\"text-editor.default\">\n\t\t\t\t<div class=\"elementor-widget-container\">\n\t\t\t\t\t\t\t<p data-path-to-node=\"10\">En el marco de su estrategia de fortalecimiento organizativo y consolidaci\u00f3n del trabajo sindical a nivel nacional, la Junta Directiva Nacional de UNALTRASENA sostuvo dos jornadas clave de articulaci\u00f3n con las subdirectivas de Bogot\u00e1 y Cundinamarca. Estos encuentros se desarrollaron de manera virtual los d\u00edas 20 de febrero y 6 de marzo de 2026.<\/p><p data-path-to-node=\"11\">El prop\u00f3sito principal de estos espacios fue revisar los avances de gesti\u00f3n, realizar el seguimiento a compromisos previamente adquiridos y coordinar acciones estrat\u00e9gicas para el desarrollo del trabajo sindical durante la vigencia 2026, siempre en coherencia con los lineamientos institucionales de nuestra organizaci\u00f3n.<\/p><h2 data-path-to-node=\"12\"><b data-path-to-node=\"12\" data-index-in-node=\"0\">Ejes Clave de las Reuniones de Articulaci\u00f3n<\/b><\/h2><p data-path-to-node=\"13\">Durante el desarrollo de las reuniones se abordaron temas fundamentales para el fortalecimiento de nuestra organizaci\u00f3n sindical:<\/p><ul data-path-to-node=\"14\"><li><p data-path-to-node=\"14,0,0\"><b data-path-to-node=\"14,0,0\" data-index-in-node=\"0\">Seguimiento a compromisos:<\/b> Se evaluaron los acuerdos derivados de encuentros anteriores.<\/p><\/li><li><p data-path-to-node=\"14,1,0\"><b data-path-to-node=\"14,1,0\" data-index-in-node=\"0\">Informes de gesti\u00f3n:<\/b> Las subdirectivas presentaron sus reportes de actividades.<\/p><\/li><li><p data-path-to-node=\"14,2,0\"><b data-path-to-node=\"14,2,0\" data-index-in-node=\"0\">Procesos organizativos:<\/b> Se revisaron las din\u00e1micas internas y la proyecci\u00f3n de actividades enfocadas en el acompa\u00f1amiento a los afiliados.<\/p><\/li><\/ul><p data-path-to-node=\"15\">De igual manera, se socializ\u00f3 el <b data-path-to-node=\"15\" data-index-in-node=\"33\">cronograma de actividades proyectado por la Junta Directiva Nacional para la vigencia 2026<\/b>. Este plan contempla acciones estrat\u00e9gicas enfocadas en:<\/p><ol start=\"1\" data-path-to-node=\"16\"><li><p data-path-to-node=\"16,0,0\">Fortalecimiento de la estructura organizativa del sindicato.<\/p><\/li><li><p data-path-to-node=\"16,1,0\">Desarrollo de procesos de capacitaci\u00f3n sindical.<\/p><\/li><li><p data-path-to-node=\"16,2,0\">Participaci\u00f3n activa en escenarios de relacionamiento institucional.<\/p><\/li><li><p data-path-to-node=\"16,3,0\">Acompa\u00f1amiento permanente a las subdirectivas y a los afiliados en las diferentes regionales.<\/p><\/li><li><h2 data-path-to-node=\"20\"><b data-path-to-node=\"20\" data-index-in-node=\"0\">Transparencia Financiera y Claridad Estatutaria<\/b><\/h2><p data-path-to-node=\"21\">En cumplimiento del principio de transparencia, se present\u00f3 un resumen de los\u00a0<b data-path-to-node=\"21\" data-index-in-node=\"78\">estados financieros de UNALTRASENA correspondientes a la vigencia 2025<\/b>. Esta presentaci\u00f3n permiti\u00f3 a las subdirectivas conocer a fondo el manejo de los recursos, reafirmando el compromiso de la organizaci\u00f3n con una administraci\u00f3n responsable y orientada siempre al beneficio de sus afiliados.<\/p><p data-path-to-node=\"22\">As\u00ed mismo, se gener\u00f3 un espacio de di\u00e1logo constructivo para brindar claridad sobre aspectos estatutarios de la organizaci\u00f3n. Se enfatiz\u00f3 especialmente lo relacionado con la realizaci\u00f3n de la\u00a0<b data-path-to-node=\"22\" data-index-in-node=\"192\">Asamblea General Ordinaria<\/b>, con el objetivo de fortalecer el conocimiento normativo y garantizar la participaci\u00f3n informada de toda la base.<\/p><\/li><\/ol>\t\t\t\t\t\t<\/div>\n\t\t\t\t<\/div>\n\t\t\t\t\t<\/div>\n\t\t<\/div>\n\t\t\t\t<div class=\"elementor-column elementor-col-50 elementor-inner-column elementor-element elementor-element-c86b1b8\" data-id=\"c86b1b8\" data-element_type=\"column\">\n\t\t\t<div class=\"elementor-widget-wrap elementor-element-populated\">\n\t\t\t\t\t\t<div class=\"elementor-element elementor-element-dcfaecd elementor-widget elementor-widget-text-editor\" data-id=\"dcfaecd\" data-element_type=\"widget\" data-widget_type=\"text-editor.default\">\n\t\t\t\t<div class=\"elementor-widget-container\">\n\t\t\t\t\t\t\t<h2 data-path-to-node=\"20\"><b style=\"font-family: Montserrat; font-size: 20px;\" data-path-to-node=\"23\" data-index-in-node=\"0\">Destacada Gesti\u00f3n de la Subdirectiva Cundinamarca<\/b><\/h2><p data-path-to-node=\"24\">Uno de los aspectos m\u00e1s relevantes de estas jornadas fue la presentaci\u00f3n del informe de gesti\u00f3n de la Subdirectiva Cundinamarca, correspondiente a la vigencia 2025. En este reporte, se evidenci\u00f3 el arduo trabajo adelantado en:<\/p><ul data-path-to-node=\"25\"><li><p data-path-to-node=\"25,0,0\">El acompa\u00f1amiento efectivo a los afiliados.<\/p><\/li><li><p data-path-to-node=\"25,1,0\">La participaci\u00f3n en espacios de di\u00e1logo institucional.<\/p><\/li><li><p data-path-to-node=\"25,2,0\">El fortalecimiento de la comunicaci\u00f3n sindical dentro de los centros de formaci\u00f3n de la regional.<\/p><\/li><\/ul><h2 data-path-to-node=\"26\"><b data-path-to-node=\"26\" data-index-in-node=\"0\">Un Compromiso Firme con la Base Trabajadora<\/b><\/h2><p data-path-to-node=\"27\">Estas jornadas de articulaci\u00f3n responden directamente al prop\u00f3sito de UNALTRASENA de consolidar una organizaci\u00f3n sindical m\u00e1s estructurada, participativa y cercana a sus afiliados. Buscamos fortalecer la representaci\u00f3n en los diferentes escenarios institucionales, mejorar las condiciones laborales de los servidores p\u00fablicos del SENA y promover una cultura de di\u00e1logo, acompa\u00f1amiento y defensa colectiva de los derechos laborales.<\/p><p data-path-to-node=\"28\">M\u00e1s all\u00e1 de su car\u00e1cter informativo, estos espacios reflejan el compromiso inquebrantable de la Junta Directiva Nacional con el fortalecimiento del trabajo conjunto con las regionales. Entendemos que la articulaci\u00f3n territorial es fundamental para el crecimiento y posicionamiento de nuestra organizaci\u00f3n sindical.<\/p><p data-path-to-node=\"29\">La Junta Directiva Nacional reafirma su compromiso de continuar trabajando de manera articulada con todas las subdirectivas regionales para fortalecer la organizaci\u00f3n y garantizar un acompa\u00f1amiento integral a todos los afiliados en el pa\u00eds.<\/p><p data-path-to-node=\"30\"><b data-path-to-node=\"30\" data-index-in-node=\"0\">Junta Directiva Nacional &#8211; UNALTRASENA<\/b><br \/>Marzo de 2026<\/p>\t\t\t\t\t\t<\/div>\n\t\t\t\t<\/div>\n\t\t\t\t\t<\/div>\n\t\t<\/div>\n\t\t\t\t\t<\/div>\n\t\t<\/section>\n\t\t\t\t\t<\/div>\n\t\t<\/div>\n\t\t\t\t\t<\/div>\n\t\t<\/section>\n\t\t\t\t<\/div>\n\t\t","protected":false},"excerpt":{"rendered":"<p>En el marco de su estrategia de fortalecimiento organizativo y consolidaci\u00f3n del trabajo sindical a nivel nacional, la Junta Directiva Nacional de UNALTRASENA sostuvo dos jornadas clave de articulaci\u00f3n con las subdirectivas de Bogot\u00e1 y Cundinamarca. Estos encuentros se desarrollaron de manera virtual los d\u00edas 20 de febrero y 6 de marzo de 2026. El [&hellip;]<\/p>\n","protected":false},"author":1,"featured_media":2339,"comment_status":"closed","ping_status":"closed","sticky":false,"template":"","format":"standard","meta":{"om_disable_all_campaigns":false,"_monsterinsights_skip_tracking":false,"_monsterinsights_sitenote_active":false,"_monsterinsights_sitenote_note":"","_monsterinsights_sitenote_category":0,"footnotes":""},"categories":[1],"tags":[],"class_list":["post-2333","post","type-post","status-publish","format-standard","has-post-thumbnail","hentry","category-otros","entry","has-media"],"aioseo_notices":[],"_links":{"self":[{"href":"https:\/\/unaltrasena.com\/index.php\/wp-json\/wp\/v2\/posts\/2333","targetHints":{"allow":["GET"]}}],"collection":[{"href":"https:\/\/unaltrasena.com\/index.php\/wp-json\/wp\/v2\/posts"}],"about":[{"href":"https:\/\/unaltrasena.com\/index.php\/wp-json\/wp\/v2\/types\/post"}],"author":[{"embeddable":true,"href":"https:\/\/unaltrasena.com\/index.php\/wp-json\/wp\/v2\/users\/1"}],"replies":[{"embeddable":true,"href":"https:\/\/unaltrasena.com\/index.php\/wp-json\/wp\/v2\/comments?post=2333"}],"version-history":[{"count":4,"href":"https:\/\/unaltrasena.com\/index.php\/wp-json\/wp\/v2\/posts\/2333\/revisions"}],"predecessor-version":[{"id":2337,"href":"https:\/\/unaltrasena.com\/index.php\/wp-json\/wp\/v2\/posts\/2333\/revisions\/2337"}],"wp:featuredmedia":[{"embeddable":true,"href":"https:\/\/unaltrasena.com\/index.php\/wp-json\/wp\/v2\/media\/2339"}],"wp:attachment":[{"href":"https:\/\/unaltrasena.com\/index.php\/wp-json\/wp\/v2\/media?parent=2333"}],"wp:term":[{"taxonomy":"category","embeddable":true,"href":"https:\/\/unaltrasena.com\/index.php\/wp-json\/wp\/v2\/categories?post=2333"},{"taxonomy":"post_tag","embeddable":true,"href":"https:\/\/unaltrasena.com\/index.php\/wp-json\/wp\/v2\/tags?post=2333"}],"curies":[{"name":"wp","href":"https:\/\/api.w.org\/{rel}","templated":true}]}}